{"id":10241,"date":"2021-10-08T15:06:10","date_gmt":"2021-10-08T13:06:10","guid":{"rendered":"https:\/\/mpg-do.de\/?p=10241"},"modified":"2022-03-26T09:31:45","modified_gmt":"2022-03-26T08:31:45","slug":"flaschen-spenden-fuer-guten-zweck","status":"publish","type":"post","link":"https:\/\/mpg-do.de\/?p=10241","title":{"rendered":"Flaschen spenden f\u00fcr guten Zweck"},"content":{"rendered":"\n<p class=\"wp-block-paragraph\">Sch\u00fcler_innen aller Jahrgangsstufen sammeln Pfandflaschen und der Erl\u00f6s wird als Spende an das Kinderhospiz in Witten-Herbede \u00fcbergeben. Damit noch mehr Flaschen zusammenkommen, haben wir jetzt an mehreren Orten der Schule Sammelkisten aufgestellt. Jede Flasche z\u00e4hlt!<\/p>\n\n\n\n<!--more-->\n\n\n\n<figure class=\"wp-block-image size-large\"><img loading=\"lazy\" decoding=\"async\" width=\"800\" height=\"600\" src=\"https:\/\/mpg-do.de\/wp-content\/uploads\/2021\/10\/Flaschen-sammeln-Glasgang-Max-Planck-Gymnasium-Dortmund-800x600.jpg\" alt=\"\" class=\"wp-image-10246\" srcset=\"https:\/\/mpg-do.de\/wp-content\/uploads\/2021\/10\/Flaschen-sammeln-Glasgang-Max-Planck-Gymnasium-Dortmund-800x600.jpg 800w, https:\/\/mpg-do.de\/wp-content\/uploads\/2021\/10\/Flaschen-sammeln-Glasgang-Max-Planck-Gymnasium-Dortmund-300x225.jpg 300w, https:\/\/mpg-do.de\/wp-content\/uploads\/2021\/10\/Flaschen-sammeln-Glasgang-Max-Planck-Gymnasium-Dortmund-120x90.jpg 120w, https:\/\/mpg-do.de\/wp-content\/uploads\/2021\/10\/Flaschen-sammeln-Glasgang-Max-Planck-Gymnasium-Dortmund-768x576.jpg 768w, https:\/\/mpg-do.de\/wp-content\/uploads\/2021\/10\/Flaschen-sammeln-Glasgang-Max-Planck-Gymnasium-Dortmund-64x48.jpg 64w, https:\/\/mpg-do.de\/wp-content\/uploads\/2021\/10\/Flaschen-sammeln-Glasgang-Max-Planck-Gymnasium-Dortmund.jpg 1280w\" sizes=\"auto, (max-width: 800px) 100vw, 800px\" \/><\/figure>\n\n\n\n<figure class=\"wp-block-image size-large\"><img loading=\"lazy\" decoding=\"async\" width=\"800\" height=\"600\" src=\"https:\/\/mpg-do.de\/wp-content\/uploads\/2021\/10\/Flaschen-sammeln-Pausenhalle-Max-Planck-Gymnasium-Dortmund-800x600.jpeg\" alt=\"\" class=\"wp-image-10247\" srcset=\"https:\/\/mpg-do.de\/wp-content\/uploads\/2021\/10\/Flaschen-sammeln-Pausenhalle-Max-Planck-Gymnasium-Dortmund-800x600.jpeg 800w, https:\/\/mpg-do.de\/wp-content\/uploads\/2021\/10\/Flaschen-sammeln-Pausenhalle-Max-Planck-Gymnasium-Dortmund-300x225.jpeg 300w, https:\/\/mpg-do.de\/wp-content\/uploads\/2021\/10\/Flaschen-sammeln-Pausenhalle-Max-Planck-Gymnasium-Dortmund-120x90.jpeg 120w, https:\/\/mpg-do.de\/wp-content\/uploads\/2021\/10\/Flaschen-sammeln-Pausenhalle-Max-Planck-Gymnasium-Dortmund-768x576.jpeg 768w, https:\/\/mpg-do.de\/wp-content\/uploads\/2021\/10\/Flaschen-sammeln-Pausenhalle-Max-Planck-Gymnasium-Dortmund-64x48.jpeg 64w, https:\/\/mpg-do.de\/wp-content\/uploads\/2021\/10\/Flaschen-sammeln-Pausenhalle-Max-Planck-Gymnasium-Dortmund.jpeg 1280w\" sizes=\"auto, (max-width: 800px) 100vw, 800px\" \/><\/figure>\n\n\n\n<figure class=\"wp-block-image size-large\"><img loading=\"lazy\" decoding=\"async\" width=\"450\" height=\"600\" src=\"https:\/\/mpg-do.de\/wp-content\/uploads\/2021\/10\/Flaschen-sammeln-Neubau-Max-Planck-Gymnasium-Dortmund-450x600.jpeg\" alt=\"\" class=\"wp-image-10248\" srcset=\"https:\/\/mpg-do.de\/wp-content\/uploads\/2021\/10\/Flaschen-sammeln-Neubau-Max-Planck-Gymnasium-Dortmund-450x600.jpeg 450w, https:\/\/mpg-do.de\/wp-content\/uploads\/2021\/10\/Flaschen-sammeln-Neubau-Max-Planck-Gymnasium-Dortmund-225x300.jpeg 225w, https:\/\/mpg-do.de\/wp-content\/uploads\/2021\/10\/Flaschen-sammeln-Neubau-Max-Planck-Gymnasium-Dortmund-768x1024.jpeg 768w, https:\/\/mpg-do.de\/wp-content\/uploads\/2021\/10\/Flaschen-sammeln-Neubau-Max-Planck-Gymnasium-Dortmund-48x64.jpeg 48w, https:\/\/mpg-do.de\/wp-content\/uploads\/2021\/10\/Flaschen-sammeln-Neubau-Max-Planck-Gymnasium-Dortmund.jpeg 960w\" sizes=\"auto, (max-width: 450px) 100vw, 450px\" \/><\/figure>\n","protected":false},"excerpt":{"rendered":"<p>Sch\u00fcler_innen aller Jahrgangsstufen sammeln Pfandflaschen und der Erl\u00f6s wird als Spende an das Kinderhospiz in Witten-Herbede \u00fcbergeben. Damit noch mehr Flaschen zusammenkommen, haben wir jetzt an mehreren Orten der Schule Sammelkisten aufgestellt. Jede Flasche z\u00e4hlt!<\/p>\n","protected":false},"author":5,"featured_media":10245,"comment_status":"closed","ping_status":"closed","sticky":false,"template":"","format":"standard","meta":{"_crdt_document":"","footnotes":""},"categories":[1],"tags":[75],"class_list":["post-10241","post","type-post","status-publish","format-standard","has-post-thumbnail","hentry","category-allgemein","tag-soziales","entry"],"_links":{"self":[{"href":"https:\/\/mpg-do.de\/index.php?rest_route=\/wp\/v2\/posts\/10241","targetHints":{"allow":["GET"]}}],"collection":[{"href":"https:\/\/mpg-do.de\/index.php?rest_route=\/wp\/v2\/posts"}],"about":[{"href":"https:\/\/mpg-do.de\/index.php?rest_route=\/wp\/v2\/types\/post"}],"author":[{"embeddable":true,"href":"https:\/\/mpg-do.de\/index.php?rest_route=\/wp\/v2\/users\/5"}],"replies":[{"embeddable":true,"href":"https:\/\/mpg-do.de\/index.php?rest_route=%2Fwp%2Fv2%2Fcomments&post=10241"}],"version-history":[{"count":2,"href":"https:\/\/mpg-do.de\/index.php?rest_route=\/wp\/v2\/posts\/10241\/revisions"}],"predecessor-version":[{"id":10275,"href":"https:\/\/mpg-do.de\/index.php?rest_route=\/wp\/v2\/posts\/10241\/revisions\/10275"}],"wp:featuredmedia":[{"embeddable":true,"href":"https:\/\/mpg-do.de\/index.php?rest_route=\/wp\/v2\/media\/10245"}],"wp:attachment":[{"href":"https:\/\/mpg-do.de\/index.php?rest_route=%2Fwp%2Fv2%2Fmedia&parent=10241"}],"wp:term":[{"taxonomy":"category","embeddable":true,"href":"https:\/\/mpg-do.de\/index.php?rest_route=%2Fwp%2Fv2%2Fcategories&post=10241"},{"taxonomy":"post_tag","embeddable":true,"href":"https:\/\/mpg-do.de\/index.php?rest_route=%2Fwp%2Fv2%2Ftags&post=10241"}],"curies":[{"name":"wp","href":"https:\/\/api.w.org\/{rel}","templated":true}]}}