{"id":10250,"date":"2021-10-08T15:03:24","date_gmt":"2021-10-08T13:03:24","guid":{"rendered":"https:\/\/mpg-do.de\/?p=10250"},"modified":"2024-04-24T22:11:27","modified_gmt":"2024-04-24T20:11:27","slug":"ehrenplakette-fuer-europaeisches-handeln","status":"publish","type":"post","link":"https:\/\/mpg-do.de\/?p=10250","title":{"rendered":"Ehrenplakette f\u00fcr europ\u00e4isches Handeln"},"content":{"rendered":"\n<p class=\"wp-block-paragraph\"><strong>Die Stadt Dortmund feiert im Dortmunder U und wir sind dabei.<\/strong><\/p>\n\n\n\n<p class=\"wp-block-paragraph\">Am Mittwoch den 29. September 2021 wurde bei einer feierlichen \u00dcbergabe die Ehrenplakette f\u00fcr europ\u00e4isches Handeln &#8211; unter anderem bestehend aus Bronzefiguren, welche die Entf\u00fchrung Europas darstellen &#8211; an die Stadt Dortmund \u00fcberreicht. Dabei handelt es sich um die zweith\u00f6chste Auszeichnung, die der Europarat zu vergeben hat und die pro Jahr nur an etwa acht bis zehn Gemeinden \u00fcberreicht wird. Als Mitglied des Netzwerks der Dortmunder Europaschulen und auch als B\u00fcrger_innen Dortmunds freuen wir uns sehr \u00fcber diese besonder Ehre.<\/p>\n\n\n\n<!--more-->\n\n\n\n<p class=\"wp-block-paragraph\">Der Europarat w\u00fcrdigt damit insbesondere die Arbeit und das Engagement f\u00fcr Europa, die bereits im Kleinen und Allt\u00e4glichen beginnt. Unsere Schule hat daf\u00fcr einen nicht unwesentlichen Beitrag durch die vielen <a href=\"https:\/\/mpg-do.de\/?p=9801\" data-type=\"post\" data-id=\"9801\">Geschichten vom Helfen und Hilfe<\/a> bekommen, die Sch\u00fcler_innen und Sch\u00fcler der Dortmunder Europaschulen im letzten Schuljahr in einem gemeinsamen Buch verfasst haben, geleistet.<\/p>\n\n\n\n<div class=\"wp-block-image\"><figure class=\"alignleft size-large\"><img loading=\"lazy\" decoding=\"async\" width=\"689\" height=\"600\" src=\"https:\/\/mpg-do.de\/wp-content\/uploads\/2021\/10\/Ehrenplakette-Vortrag-Max-Planck-Gymnasium-Dortmund-689x600.jpg\" alt=\"\" class=\"wp-image-10262\" srcset=\"https:\/\/mpg-do.de\/wp-content\/uploads\/2021\/10\/Ehrenplakette-Vortrag-Max-Planck-Gymnasium-Dortmund-689x600.jpg 689w, https:\/\/mpg-do.de\/wp-content\/uploads\/2021\/10\/Ehrenplakette-Vortrag-Max-Planck-Gymnasium-Dortmund-300x261.jpg 300w, https:\/\/mpg-do.de\/wp-content\/uploads\/2021\/10\/Ehrenplakette-Vortrag-Max-Planck-Gymnasium-Dortmund-768x669.jpg 768w, https:\/\/mpg-do.de\/wp-content\/uploads\/2021\/10\/Ehrenplakette-Vortrag-Max-Planck-Gymnasium-Dortmund-64x56.jpg 64w, https:\/\/mpg-do.de\/wp-content\/uploads\/2021\/10\/Ehrenplakette-Vortrag-Max-Planck-Gymnasium-Dortmund.jpg 1280w\" sizes=\"auto, (max-width: 689px) 100vw, 689px\" \/><figcaption>Sch\u00fclerbeitrag \u201cRede \u00fcber die europ\u00e4ische Solidarit\u00e4t angesichts der Fl\u00fcchtinlingskrise\u201d<\/figcaption><\/figure><\/div>\n\n\n\n<p class=\"wp-block-paragraph\">Im Rahmen der Verleihung war auch eine kleine Delegation des MPGs eingeladen, bestehend aus Samira P., Luise G., Dong Nhi Bui N., Frau Costa, Europaschulkoorinatorin und Frau Feuler, Ansprechpartnerin f\u00fcr den europ\u00e4ischen Wettbewerb. Sie richteten Gr\u00fc\u00dfen der Schulleiterin Ute Tometten aus, die dienstlich verhindert war.&nbsp; Samira P. hatte die besondere Ehre, dass sie ihre Geschichte auf der Veranstaltung vortragen durfte: Eine Rede \u00fcber die europ\u00e4ische Solidarit\u00e4t angesichts der Fl\u00fcchtlingskrise. Zur Freude der Fachschaft Portugiesich befand sich auch die portugiesische Generalkonsulin zu D\u00fcsseldorf, Frau Nahais, unter den Ehreng\u00e4sten.&nbsp;<\/p>\n\n\n\n<p class=\"wp-block-paragraph\">Nach dem offiziellen Teil der Veranstaltung gab es ausreichend Gelegenheit bei Currywurst oder Pasta sich auszutauschen. Frau Nahais zeigte sich von den Beitr\u00e4gen der Sch\u00fcler_innen begeistert und k\u00fcndigt einen Besuch am MPG an. Auch Herr Westphal bedankte sich bei den Sch\u00fcler_innen pers\u00f6nlich und vergab sogar ein Autogramm.&nbsp;<\/p>\n\n\n\n<p class=\"wp-block-paragraph\">Europaschulkoordination, Carla Costa<\/p>\n\n\n\n<div class=\"wp-block-image\"><figure class=\"alignleft size-large is-resized\"><img loading=\"lazy\" decoding=\"async\" src=\"https:\/\/mpg-do.de\/wp-content\/uploads\/2021\/10\/Ehrenplakette-Buergermeister-Max-Planck-Gymnasium-Dortmund-1028x600.jpg\" alt=\"\" class=\"wp-image-10259\" width=\"794\" height=\"463\" srcset=\"https:\/\/mpg-do.de\/wp-content\/uploads\/2021\/10\/Ehrenplakette-Buergermeister-Max-Planck-Gymnasium-Dortmund-1028x600.jpg 1028w, https:\/\/mpg-do.de\/wp-content\/uploads\/2021\/10\/Ehrenplakette-Buergermeister-Max-Planck-Gymnasium-Dortmund-300x175.jpg 300w, https:\/\/mpg-do.de\/wp-content\/uploads\/2021\/10\/Ehrenplakette-Buergermeister-Max-Planck-Gymnasium-Dortmund-768x448.jpg 768w, https:\/\/mpg-do.de\/wp-content\/uploads\/2021\/10\/Ehrenplakette-Buergermeister-Max-Planck-Gymnasium-Dortmund-64x37.jpg 64w, https:\/\/mpg-do.de\/wp-content\/uploads\/2021\/10\/Ehrenplakette-Buergermeister-Max-Planck-Gymnasium-Dortmund.jpg 1280w\" sizes=\"auto, (max-width: 794px) 100vw, 794px\" \/><figcaption>Oberb\u00fcrgermeister Thomas Westphal bedankt sich f\u00fcr den Beitrag.<\/figcaption><\/figure><\/div>\n\n\n\n<div class=\"wp-block-image\"><figure class=\"alignleft size-large\"><img loading=\"lazy\" decoding=\"async\" width=\"585\" height=\"600\" src=\"https:\/\/mpg-do.de\/wp-content\/uploads\/2021\/10\/Ehrenplakette-Delegation-Max-Planck-Gymnasium-Dortmund-585x600.jpg\" alt=\"\" class=\"wp-image-10260\" srcset=\"https:\/\/mpg-do.de\/wp-content\/uploads\/2021\/10\/Ehrenplakette-Delegation-Max-Planck-Gymnasium-Dortmund-585x600.jpg 585w, https:\/\/mpg-do.de\/wp-content\/uploads\/2021\/10\/Ehrenplakette-Delegation-Max-Planck-Gymnasium-Dortmund-293x300.jpg 293w, https:\/\/mpg-do.de\/wp-content\/uploads\/2021\/10\/Ehrenplakette-Delegation-Max-Planck-Gymnasium-Dortmund-768x787.jpg 768w, https:\/\/mpg-do.de\/wp-content\/uploads\/2021\/10\/Ehrenplakette-Delegation-Max-Planck-Gymnasium-Dortmund-62x64.jpg 62w, https:\/\/mpg-do.de\/wp-content\/uploads\/2021\/10\/Ehrenplakette-Delegation-Max-Planck-Gymnasium-Dortmund.jpg 1249w\" sizes=\"auto, (max-width: 585px) 100vw, 585px\" \/><\/figure><\/div>\n\n\n\n<p class=\"wp-block-paragraph\"><\/p>\n\n\n\n<div class=\"wp-block-image\"><figure class=\"alignleft size-large\"><img loading=\"lazy\" decoding=\"async\" width=\"457\" height=\"600\" src=\"https:\/\/mpg-do.de\/wp-content\/uploads\/2021\/10\/Ehrenplakette-U-Turm-Max-Planck-Gymnasium-Dortmund-457x600.jpg\" alt=\"\" class=\"wp-image-10261\" srcset=\"https:\/\/mpg-do.de\/wp-content\/uploads\/2021\/10\/Ehrenplakette-U-Turm-Max-Planck-Gymnasium-Dortmund-457x600.jpg 457w, https:\/\/mpg-do.de\/wp-content\/uploads\/2021\/10\/Ehrenplakette-U-Turm-Max-Planck-Gymnasium-Dortmund-228x300.jpg 228w, https:\/\/mpg-do.de\/wp-content\/uploads\/2021\/10\/Ehrenplakette-U-Turm-Max-Planck-Gymnasium-Dortmund-768x1009.jpg 768w, https:\/\/mpg-do.de\/wp-content\/uploads\/2021\/10\/Ehrenplakette-U-Turm-Max-Planck-Gymnasium-Dortmund-49x64.jpg 49w, https:\/\/mpg-do.de\/wp-content\/uploads\/2021\/10\/Ehrenplakette-U-Turm-Max-Planck-Gymnasium-Dortmund.jpg 974w\" sizes=\"auto, (max-width: 457px) 100vw, 457px\" \/><\/figure><\/div>\n","protected":false},"excerpt":{"rendered":"<p>Die Stadt Dortmund feiert im Dortmunder U und wir sind dabei. Am Mittwoch den 29. September 2021 wurde bei einer feierlichen \u00dcbergabe die Ehrenplakette f\u00fcr europ\u00e4isches Handeln &#8211; unter anderem bestehend aus Bronzefiguren, welche die Entf\u00fchrung Europas darstellen &#8211; an die Stadt Dortmund \u00fcberreicht. Dabei handelt es sich um die zweith\u00f6chste Auszeichnung, die der Europarat &hellip; <\/p>\n<p class=\"link-more\"><a href=\"https:\/\/mpg-do.de\/?p=10250\" class=\"more-link\"><span class=\"screen-reader-text\">\u201eEhrenplakette f\u00fcr europ\u00e4isches Handeln\u201c <\/span>weiterlesen<\/a><\/p>\n","protected":false},"author":5,"featured_media":10257,"comment_status":"closed","ping_status":"closed","sticky":false,"template":"","format":"standard","meta":{"_crdt_document":"","footnotes":""},"categories":[1],"tags":[124,68],"class_list":["post-10250","post","type-post","status-publish","format-standard","has-post-thumbnail","hentry","category-allgemein","tag-europaschule","tag-portugiesisch","entry"],"_links":{"self":[{"href":"https:\/\/mpg-do.de\/index.php?rest_route=\/wp\/v2\/posts\/10250","targetHints":{"allow":["GET"]}}],"collection":[{"href":"https:\/\/mpg-do.de\/index.php?rest_route=\/wp\/v2\/posts"}],"about":[{"href":"https:\/\/mpg-do.de\/index.php?rest_route=\/wp\/v2\/types\/post"}],"author":[{"embeddable":true,"href":"https:\/\/mpg-do.de\/index.php?rest_route=\/wp\/v2\/users\/5"}],"replies":[{"embeddable":true,"href":"https:\/\/mpg-do.de\/index.php?rest_route=%2Fwp%2Fv2%2Fcomments&post=10250"}],"version-history":[{"count":11,"href":"https:\/\/mpg-do.de\/index.php?rest_route=\/wp\/v2\/posts\/10250\/revisions"}],"predecessor-version":[{"id":10278,"href":"https:\/\/mpg-do.de\/index.php?rest_route=\/wp\/v2\/posts\/10250\/revisions\/10278"}],"wp:featuredmedia":[{"embeddable":true,"href":"https:\/\/mpg-do.de\/index.php?rest_route=\/wp\/v2\/media\/10257"}],"wp:attachment":[{"href":"https:\/\/mpg-do.de\/index.php?rest_route=%2Fwp%2Fv2%2Fmedia&parent=10250"}],"wp:term":[{"taxonomy":"category","embeddable":true,"href":"https:\/\/mpg-do.de\/index.php?rest_route=%2Fwp%2Fv2%2Fcategories&post=10250"},{"taxonomy":"post_tag","embeddable":true,"href":"https:\/\/mpg-do.de\/index.php?rest_route=%2Fwp%2Fv2%2Ftags&post=10250"}],"curies":[{"name":"wp","href":"https:\/\/api.w.org\/{rel}","templated":true}]}}