{"id":10399,"date":"2021-11-15T15:44:35","date_gmt":"2021-11-15T14:44:35","guid":{"rendered":"https:\/\/mpg-do.de\/?p=10399"},"modified":"2021-11-17T14:23:06","modified_gmt":"2021-11-17T13:23:06","slug":"q1-besucht-strassburg","status":"publish","type":"post","link":"https:\/\/mpg-do.de\/?p=10399","title":{"rendered":"Q1 besucht Stra\u00dfburg"},"content":{"rendered":"\r\n<p class=\"wp-block-paragraph\"><strong>Heureusement &#8211; de retour \u00e0 Strasbourg et au forum franco-alllemand!<\/strong><\/p>\r\n\r\n\r\n\r\n<p class=\"wp-block-paragraph\">11. &#8211; 13. November 2021<\/p>\r\n\r\n\r\n\r\n<p class=\"wp-block-paragraph\">Ein Jahr Pause und die jetzige Q1 kn\u00fcpft an eine altbew\u00e4hrte Tradition an: Endlich wieder nach Stra\u00dfburg!\u00a0In Kooperation mit der\u00a0<em>Auslandsgesellschaft<\/em>\u00a0<em>Dortmund<\/em> haben Sch\u00fclerinnen aus den Franz\u00f6sischkursen (LK und GK) der Q1 drei Tage die europ\u00e4ische Symbolregion Stra\u00dfburg mit ihrer turbulenten deutsch-franz\u00f6sischen Geschichte kennen und sch\u00e4tzen gelernt.<\/p>\r\n\r\n\r\n\r\n<p><!--more--><\/p>\r\n\r\n\r\n\r\n<figure class=\"wp-block-image size-large\"><img loading=\"lazy\" decoding=\"async\" width=\"800\" height=\"600\" class=\"wp-image-10400\" src=\"https:\/\/mpg-do.de\/wp-content\/uploads\/2021\/11\/Strassburg-2021-Flaggen-Max-Planck-Gymnasium-Dortmund-800x600.jpg\" alt=\"\" srcset=\"https:\/\/mpg-do.de\/wp-content\/uploads\/2021\/11\/Strassburg-2021-Flaggen-Max-Planck-Gymnasium-Dortmund-800x600.jpg 800w, https:\/\/mpg-do.de\/wp-content\/uploads\/2021\/11\/Strassburg-2021-Flaggen-Max-Planck-Gymnasium-Dortmund-300x225.jpg 300w, https:\/\/mpg-do.de\/wp-content\/uploads\/2021\/11\/Strassburg-2021-Flaggen-Max-Planck-Gymnasium-Dortmund-120x90.jpg 120w, https:\/\/mpg-do.de\/wp-content\/uploads\/2021\/11\/Strassburg-2021-Flaggen-Max-Planck-Gymnasium-Dortmund-768x576.jpg 768w, https:\/\/mpg-do.de\/wp-content\/uploads\/2021\/11\/Strassburg-2021-Flaggen-Max-Planck-Gymnasium-Dortmund-64x48.jpg 64w, https:\/\/mpg-do.de\/wp-content\/uploads\/2021\/11\/Strassburg-2021-Flaggen-Max-Planck-Gymnasium-Dortmund.jpg 1280w\" sizes=\"auto, (max-width: 800px) 100vw, 800px\" \/><\/figure>\r\n\r\n\r\n\r\n<p class=\"wp-block-paragraph\">Neben einem Besuch im europ\u00e4ischen Parlament und der Erkundung anderer europ\u00e4ischer Institutionen vor Ort haben wir dieses Jahr auch das\u00a0<em>M\u00e9morial d\u2019Alsace-Lorraine\u00a0<\/em>besucht. Beeindruckend &#8211; und ganz im Novembernebel versunken &#8211; werden hier die Facetten der Zerrissenheit, der Traumata und letztlich auch der Hoffnung dieser Grenzregion gedacht, in der die lokale Identit\u00e4t gest\u00e4rkt und gleichzeitig der europ\u00e4ische Geist in allen Bereichen des Alltags gelebt wird.<\/p>\r\n\r\n\r\n\r\n<figure class=\"wp-block-image size-large\"><img loading=\"lazy\" decoding=\"async\" width=\"800\" height=\"600\" class=\"wp-image-10401\" src=\"https:\/\/mpg-do.de\/wp-content\/uploads\/2021\/11\/Strassburg-2021-Nebel-Max-Planck-Gymnasium-Dortmund-800x600.jpg\" alt=\"\" srcset=\"https:\/\/mpg-do.de\/wp-content\/uploads\/2021\/11\/Strassburg-2021-Nebel-Max-Planck-Gymnasium-Dortmund-800x600.jpg 800w, https:\/\/mpg-do.de\/wp-content\/uploads\/2021\/11\/Strassburg-2021-Nebel-Max-Planck-Gymnasium-Dortmund-300x225.jpg 300w, https:\/\/mpg-do.de\/wp-content\/uploads\/2021\/11\/Strassburg-2021-Nebel-Max-Planck-Gymnasium-Dortmund-120x90.jpg 120w, https:\/\/mpg-do.de\/wp-content\/uploads\/2021\/11\/Strassburg-2021-Nebel-Max-Planck-Gymnasium-Dortmund-768x576.jpg 768w, https:\/\/mpg-do.de\/wp-content\/uploads\/2021\/11\/Strassburg-2021-Nebel-Max-Planck-Gymnasium-Dortmund-64x48.jpg 64w, https:\/\/mpg-do.de\/wp-content\/uploads\/2021\/11\/Strassburg-2021-Nebel-Max-Planck-Gymnasium-Dortmund.jpg 1280w\" sizes=\"auto, (max-width: 800px) 100vw, 800px\" \/><\/figure>\r\n\r\n\r\n\r\n<p class=\"wp-block-paragraph\">Auch fand dieses Jahr wieder das deutsch-franz\u00f6sische Forum statt, auf dem sich die Sch\u00fclerinnen \u00fcber M\u00f6glichkeiten der deutsch-franz\u00f6sischen Studien- und Ausbildungsm\u00f6glichkeiten informieren konnten.<\/p>\r\n\r\n\r\n\r\n<figure class=\"wp-block-image size-large\"><img loading=\"lazy\" decoding=\"async\" width=\"800\" height=\"600\" class=\"wp-image-10402\" src=\"https:\/\/mpg-do.de\/wp-content\/uploads\/2021\/11\/Strassburg-2021-Oval-Max-Planck-Gymnasium-Dortmund-800x600.jpg\" alt=\"\" srcset=\"https:\/\/mpg-do.de\/wp-content\/uploads\/2021\/11\/Strassburg-2021-Oval-Max-Planck-Gymnasium-Dortmund-800x600.jpg 800w, https:\/\/mpg-do.de\/wp-content\/uploads\/2021\/11\/Strassburg-2021-Oval-Max-Planck-Gymnasium-Dortmund-300x225.jpg 300w, https:\/\/mpg-do.de\/wp-content\/uploads\/2021\/11\/Strassburg-2021-Oval-Max-Planck-Gymnasium-Dortmund-120x90.jpg 120w, https:\/\/mpg-do.de\/wp-content\/uploads\/2021\/11\/Strassburg-2021-Oval-Max-Planck-Gymnasium-Dortmund-768x576.jpg 768w, https:\/\/mpg-do.de\/wp-content\/uploads\/2021\/11\/Strassburg-2021-Oval-Max-Planck-Gymnasium-Dortmund-64x48.jpg 64w, https:\/\/mpg-do.de\/wp-content\/uploads\/2021\/11\/Strassburg-2021-Oval-Max-Planck-Gymnasium-Dortmund.jpg 1280w\" sizes=\"auto, (max-width: 800px) 100vw, 800px\" \/><\/figure>\r\n\r\n\r\n\r\n<p class=\"wp-block-paragraph\">Christian K\u00f6nig und Jennifer Heider mit\u00a0Sena L., Luise S., Celina A., Darya M., Luise G., Samira P., Fine B.<\/p>\r\n","protected":false},"excerpt":{"rendered":"<p>Heureusement &#8211; de retour \u00e0 Strasbourg et au forum franco-alllemand! 11. &#8211; 13. November 2021 Ein Jahr Pause und die jetzige Q1 kn\u00fcpft an eine altbew\u00e4hrte Tradition an: Endlich wieder nach Stra\u00dfburg!\u00a0In Kooperation mit der\u00a0Auslandsgesellschaft\u00a0Dortmund haben Sch\u00fclerinnen aus den Franz\u00f6sischkursen (LK und GK) der Q1 drei Tage die europ\u00e4ische Symbolregion Stra\u00dfburg mit ihrer turbulenten deutsch-franz\u00f6sischen &hellip; <\/p>\n<p class=\"link-more\"><a href=\"https:\/\/mpg-do.de\/?p=10399\" class=\"more-link\"><span class=\"screen-reader-text\">\u201eQ1 besucht Stra\u00dfburg\u201c <\/span>weiterlesen<\/a><\/p>\n","protected":false},"author":5,"featured_media":10412,"comment_status":"closed","ping_status":"closed","sticky":false,"template":"","format":"standard","meta":{"_crdt_document":"","footnotes":""},"categories":[1],"tags":[175,133],"class_list":["post-10399","post","type-post","status-publish","format-standard","has-post-thumbnail","hentry","category-allgemein","tag-ausland","tag-franzoesisch","entry"],"_links":{"self":[{"href":"https:\/\/mpg-do.de\/index.php?rest_route=\/wp\/v2\/posts\/10399","targetHints":{"allow":["GET"]}}],"collection":[{"href":"https:\/\/mpg-do.de\/index.php?rest_route=\/wp\/v2\/posts"}],"about":[{"href":"https:\/\/mpg-do.de\/index.php?rest_route=\/wp\/v2\/types\/post"}],"author":[{"embeddable":true,"href":"https:\/\/mpg-do.de\/index.php?rest_route=\/wp\/v2\/users\/5"}],"replies":[{"embeddable":true,"href":"https:\/\/mpg-do.de\/index.php?rest_route=%2Fwp%2Fv2%2Fcomments&post=10399"}],"version-history":[{"count":5,"href":"https:\/\/mpg-do.de\/index.php?rest_route=\/wp\/v2\/posts\/10399\/revisions"}],"predecessor-version":[{"id":10457,"href":"https:\/\/mpg-do.de\/index.php?rest_route=\/wp\/v2\/posts\/10399\/revisions\/10457"}],"wp:featuredmedia":[{"embeddable":true,"href":"https:\/\/mpg-do.de\/index.php?rest_route=\/wp\/v2\/media\/10412"}],"wp:attachment":[{"href":"https:\/\/mpg-do.de\/index.php?rest_route=%2Fwp%2Fv2%2Fmedia&parent=10399"}],"wp:term":[{"taxonomy":"category","embeddable":true,"href":"https:\/\/mpg-do.de\/index.php?rest_route=%2Fwp%2Fv2%2Fcategories&post=10399"},{"taxonomy":"post_tag","embeddable":true,"href":"https:\/\/mpg-do.de\/index.php?rest_route=%2Fwp%2Fv2%2Ftags&post=10399"}],"curies":[{"name":"wp","href":"https:\/\/api.w.org\/{rel}","templated":true}]}}