{"id":10585,"date":"2021-12-22T09:37:36","date_gmt":"2021-12-22T08:37:36","guid":{"rendered":"https:\/\/mpg-do.de\/?p=10585"},"modified":"2021-12-22T16:02:00","modified_gmt":"2021-12-22T15:02:00","slug":"rueckschau-des-foerdervereins","status":"publish","type":"post","link":"https:\/\/mpg-do.de\/?p=10585","title":{"rendered":"R\u00fcckschau des F\u00f6rdervereins"},"content":{"rendered":"\n<p class=\"wp-block-paragraph\">Liebe Eltern, liebes Kollegium des MPG!<\/p>\n\n\n\n<p class=\"wp-block-paragraph\">Ein herausforderndes Jahr 2021 geht zu Ende. Zeit auch f\u00fcr den Verein der Freunde und F\u00f6rderer des Max-Planck-Gymnasiums Dortmund e.V R\u00fcckschau zu halten und einen Blick auf das kommende Jahr zu werfen. Im vergangenen Jahr gab es durch die pandemiebedingten Ausf\u00e4lle der Konzerte und anderer Veranstaltungen neben den Mitgliedsbeitr\u00e4gen so gut wie keine Einnahmen.<\/p>\n\n\n\n<!--more-->\n\n\n\n<p class=\"wp-block-paragraph\">Umso sch\u00f6ner, dass wir trotzdem das ein oder andere finanzieren konnten. So gab es wieder das beliebte Pausenspielzeug f\u00fcr die neuen 5-er-Klassen, Ersatz f\u00fcr defekte Funkuhren, eine Videokamera und die Kostenzusage f\u00fcr die Beteiligung am Kauf eines neuen Ruderbootes in 2022.<\/p>\n\n\n\n<figure class=\"wp-block-image size-large\"><img loading=\"lazy\" decoding=\"async\" width=\"1192\" height=\"600\" src=\"https:\/\/mpg-do.de\/wp-content\/uploads\/2021\/09\/948156AD-723C-48C3-A470-5456084E0330-1192x600.jpeg\" alt=\"\" class=\"wp-image-10124\" srcset=\"https:\/\/mpg-do.de\/wp-content\/uploads\/2021\/09\/948156AD-723C-48C3-A470-5456084E0330-1192x600.jpeg 1192w, https:\/\/mpg-do.de\/wp-content\/uploads\/2021\/09\/948156AD-723C-48C3-A470-5456084E0330-300x151.jpeg 300w, https:\/\/mpg-do.de\/wp-content\/uploads\/2021\/09\/948156AD-723C-48C3-A470-5456084E0330-768x386.jpeg 768w, https:\/\/mpg-do.de\/wp-content\/uploads\/2021\/09\/948156AD-723C-48C3-A470-5456084E0330-1536x773.jpeg 1536w, https:\/\/mpg-do.de\/wp-content\/uploads\/2021\/09\/948156AD-723C-48C3-A470-5456084E0330-2048x1031.jpeg 2048w, https:\/\/mpg-do.de\/wp-content\/uploads\/2021\/09\/948156AD-723C-48C3-A470-5456084E0330-64x32.jpeg 64w, https:\/\/mpg-do.de\/wp-content\/uploads\/2021\/09\/948156AD-723C-48C3-A470-5456084E0330-1568x789.jpeg 1568w, https:\/\/mpg-do.de\/wp-content\/uploads\/2021\/09\/948156AD-723C-48C3-A470-5456084E0330-1320x664.jpeg 1320w\" sizes=\"auto, (max-width: 1192px) 100vw, 1192px\" \/><\/figure>\n\n\n\n<p class=\"wp-block-paragraph\">Allen Mitgliedern sei hier herzlichst gedankt, dass wir f\u00fcr die Kinder solche Projekte realisieren k\u00f6nnen.<\/p>\n\n\n\n<p class=\"wp-block-paragraph\">Im Jahr 2022 stehen f\u00fcr den F\u00f6rderverein personelle Ver\u00e4nderungen an. Konkret bedeutet das, dass alle Stellen im F\u00f6rderverein neu zu besetzen sind. Wir m\u00f6chten an dieser Stelle dazu aufrufen und ermutigen, dass sich Interessierte aus der Elternschaft des MPG bei uns melden. (<a href=\"mailto:foerderverein@mpg-dortmund.de\">foerderverein@mpg-dortmund.de<\/a>) Etwaige Fragen werden gerne beantwortet.<\/p>\n\n\n\n<p class=\"wp-block-paragraph\">Lassen Sie sich nicht verschrecken. Die enge Zusammenarbeit mit der Schule und der Pflegschaft klappt reibungslos. Das Arbeitsaufkommen h\u00e4lt sich in Grenzen und am Ende macht es Spa\u00df. Sollte sich niemand finden, wird der F\u00f6rderverein und seine wichtige Arbeit auf Dauer aufgel\u00f6st, was f\u00fcr das schulische Leben der Kinder, Ihrer Kinder, viele Konsequenzen mit sich bringt. Jetzt liegt es an Ihnen!<\/p>\n\n\n\n<p class=\"wp-block-paragraph\">Diesbez\u00fcglich weisen wir schon mal auf die n\u00e4chste <strong>Jahreshauptversammlung<\/strong> hin: Dienstag, <strong>08.02.2022<\/strong> um 18.00 Uhr.<\/p>\n\n\n\n<p class=\"wp-block-paragraph\">Wir vom Team des F\u00f6rdervereins w\u00fcnschen Ihnen allen und Ihren Familien ein sch\u00f6nes Weihnachtsfest und ein gesundes, sorgenfreieres Jahr 2022.<\/p>\n\n\n\n<p class=\"wp-block-paragraph\">Ihr Team vom F\u00f6rderverein<img decoding=\"async\" src=\"blob:https:\/\/mpg-do.de\/28348ae5-3cf0-4048-a8c5-1b71fc30e5d7\" alt=\"page1image20564992\" width=\"162.000000\" height=\"0.719994\"><\/p>\n","protected":false},"excerpt":{"rendered":"<p>Liebe Eltern, liebes Kollegium des MPG! Ein herausforderndes Jahr 2021 geht zu Ende. Zeit auch f\u00fcr den Verein der Freunde und F\u00f6rderer des Max-Planck-Gymnasiums Dortmund e.V R\u00fcckschau zu halten und einen Blick auf das kommende Jahr zu werfen. Im vergangenen Jahr gab es durch die pandemiebedingten Ausf\u00e4lle der Konzerte und anderer Veranstaltungen neben den Mitgliedsbeitr\u00e4gen &hellip; <\/p>\n<p class=\"link-more\"><a href=\"https:\/\/mpg-do.de\/?p=10585\" class=\"more-link\"><span class=\"screen-reader-text\">\u201eR\u00fcckschau des F\u00f6rdervereins\u201c <\/span>weiterlesen<\/a><\/p>\n","protected":false},"author":5,"featured_media":8118,"comment_status":"closed","ping_status":"closed","sticky":false,"template":"","format":"standard","meta":{"_crdt_document":"","footnotes":""},"categories":[1],"tags":[95],"class_list":["post-10585","post","type-post","status-publish","format-standard","has-post-thumbnail","hentry","category-allgemein","tag-foerderverein","entry"],"_links":{"self":[{"href":"https:\/\/mpg-do.de\/index.php?rest_route=\/wp\/v2\/posts\/10585","targetHints":{"allow":["GET"]}}],"collection":[{"href":"https:\/\/mpg-do.de\/index.php?rest_route=\/wp\/v2\/posts"}],"about":[{"href":"https:\/\/mpg-do.de\/index.php?rest_route=\/wp\/v2\/types\/post"}],"author":[{"embeddable":true,"href":"https:\/\/mpg-do.de\/index.php?rest_route=\/wp\/v2\/users\/5"}],"replies":[{"embeddable":true,"href":"https:\/\/mpg-do.de\/index.php?rest_route=%2Fwp%2Fv2%2Fcomments&post=10585"}],"version-history":[{"count":2,"href":"https:\/\/mpg-do.de\/index.php?rest_route=\/wp\/v2\/posts\/10585\/revisions"}],"predecessor-version":[{"id":10605,"href":"https:\/\/mpg-do.de\/index.php?rest_route=\/wp\/v2\/posts\/10585\/revisions\/10605"}],"wp:featuredmedia":[{"embeddable":true,"href":"https:\/\/mpg-do.de\/index.php?rest_route=\/wp\/v2\/media\/8118"}],"wp:attachment":[{"href":"https:\/\/mpg-do.de\/index.php?rest_route=%2Fwp%2Fv2%2Fmedia&parent=10585"}],"wp:term":[{"taxonomy":"category","embeddable":true,"href":"https:\/\/mpg-do.de\/index.php?rest_route=%2Fwp%2Fv2%2Fcategories&post=10585"},{"taxonomy":"post_tag","embeddable":true,"href":"https:\/\/mpg-do.de\/index.php?rest_route=%2Fwp%2Fv2%2Ftags&post=10585"}],"curies":[{"name":"wp","href":"https:\/\/api.w.org\/{rel}","templated":true}]}}