{"id":10817,"date":"2022-03-14T19:27:41","date_gmt":"2022-03-14T18:27:41","guid":{"rendered":"https:\/\/mpg-do.de\/?p=10817"},"modified":"2022-03-21T19:12:56","modified_gmt":"2022-03-21T18:12:56","slug":"preisverleihung-im-bundestag","status":"publish","type":"post","link":"https:\/\/mpg-do.de\/?p=10817","title":{"rendered":"Preisverleihung im Bundestag"},"content":{"rendered":"\n<p class=\"wp-block-paragraph\"><strong>\u00dcbergabe der Zukunftscharta&nbsp;<\/strong><\/p>\n\n\n\n<p class=\"wp-block-paragraph\">Am Donnerstag war es endlich soweit, die entwickelte Zukunftscharta zum Thema \u201eKlimaschutz\u201c, \u201eBildung\u201c und \u201eZusammenleben \/ Gesellschaft\u201c wurde feierlich den VertreterInnen der neuen Bundesregierung in Berlin \u00fcbergeben. Zuvor fand im Rahmen des Wettbewerbs <a href=\"https:\/\/mpg-do.de\/?p=10738\" data-type=\"post\" data-id=\"10738\">\u201eBundestagswahl 2021 \u2013 Gib der Zukunft Deine Stimme!\u201c<\/a> ein Planspiel mit den 10 GewinnerInnen statt, die dort eine Zukunftsvision zu den verschiedenen Themenbereichen gestalteten, darunter waren auch Victoria W. und Elisabeth A. der 9A.<\/p>\n\n\n\n<!--more-->\n\n\n\n<figure class=\"wp-block-image size-full\"><img loading=\"lazy\" decoding=\"async\" width=\"1024\" height=\"578\" src=\"https:\/\/mpg-do.de\/wp-content\/uploads\/2022\/02\/Preisverleihung-im-Bundestag-Vorstellung.jpg\" alt=\"\" class=\"wp-image-10819\" srcset=\"https:\/\/mpg-do.de\/wp-content\/uploads\/2022\/02\/Preisverleihung-im-Bundestag-Vorstellung.jpg 1024w, https:\/\/mpg-do.de\/wp-content\/uploads\/2022\/02\/Preisverleihung-im-Bundestag-Vorstellung-300x169.jpg 300w, https:\/\/mpg-do.de\/wp-content\/uploads\/2022\/02\/Preisverleihung-im-Bundestag-Vorstellung-768x434.jpg 768w, https:\/\/mpg-do.de\/wp-content\/uploads\/2022\/02\/Preisverleihung-im-Bundestag-Vorstellung-64x36.jpg 64w\" sizes=\"auto, (max-width: 1024px) 100vw, 1024px\" \/><\/figure>\n\n\n\n<p class=\"wp-block-paragraph\">Victoria W., die mit ihrem Beitrag \u201eKlimuh\u201c von den 3.500 TeilnehmerInnen einen hervorragenden 10. Platz belegte, durfte die Zukunftscharta zum Thema Klimaschutz im Bundestag vorstellen und den Abgeordneten Ria Schr\u00f6der (FDP), Emilia Fester (B\u00fcndnis 90\/Die Gr\u00fcnen) und Lasse Rebbin (SPD) \u00fcberreichen. Weiterhin beinhaltet die Platzierung einen Geldpreis f\u00fcr die Klassenkasse, \u00fcber den die 9A nun gemeinschaftlich verf\u00fcgen kann.&nbsp;<\/p>\n\n\n\n<p class=\"wp-block-paragraph\">Die feierliche \u00dcbergabe sowie die Preisverleihung wurden aufgezeichnet und k\u00f6nnen unter <a href=\"https:\/\/www.jugend-liest-faz.de\/preisverleihung-bundestagswahl-2021\/\">diesem Link<\/a> nachgeschaut werden. Dort sind auch alle Platzierungen inklusive der Wettbewerbsbeitr\u00e4ge einsehbar.<\/p>\n\n\n\n<figure class=\"wp-block-image size-large\"><img loading=\"lazy\" decoding=\"async\" width=\"776\" height=\"600\" src=\"https:\/\/mpg-do.de\/wp-content\/uploads\/2022\/02\/Preiserverleihung-im-Bundestag-776x600.jpg\" alt=\"\" class=\"wp-image-10820\" srcset=\"https:\/\/mpg-do.de\/wp-content\/uploads\/2022\/02\/Preiserverleihung-im-Bundestag-776x600.jpg 776w, https:\/\/mpg-do.de\/wp-content\/uploads\/2022\/02\/Preiserverleihung-im-Bundestag-300x232.jpg 300w, https:\/\/mpg-do.de\/wp-content\/uploads\/2022\/02\/Preiserverleihung-im-Bundestag-768x594.jpg 768w, https:\/\/mpg-do.de\/wp-content\/uploads\/2022\/02\/Preiserverleihung-im-Bundestag-64x49.jpg 64w, https:\/\/mpg-do.de\/wp-content\/uploads\/2022\/02\/Preiserverleihung-im-Bundestag.jpg 1071w\" sizes=\"auto, (max-width: 776px) 100vw, 776px\" \/><\/figure>\n\n\n\n<div data-wp-interactive=\"core\/file\" class=\"wp-block-file\"><object data-wp-bind--hidden=\"!state.hasPdfPreview\" hidden class=\"wp-block-file__embed\" data=\"https:\/\/mpg-do.de\/wp-content\/uploads\/2022\/03\/Teilnahmeurkunde_Bundestagswahl.pdf\" type=\"application\/pdf\" style=\"width:100%;height:600px\" aria-label=\"Einbettung von Einbettung von Teilnahmeurkunde_Bundestagswahl..\"><\/object><a id=\"wp-block-file--media-819b3018-89ac-4b4c-b48d-e57c711c48f8\" href=\"https:\/\/mpg-do.de\/wp-content\/uploads\/2022\/03\/Teilnahmeurkunde_Bundestagswahl.pdf\">Teilnahmeurkunde_Bundestagswahl<\/a><a href=\"https:\/\/mpg-do.de\/wp-content\/uploads\/2022\/03\/Teilnahmeurkunde_Bundestagswahl.pdf\" class=\"wp-block-file__button\" download aria-describedby=\"wp-block-file--media-819b3018-89ac-4b4c-b48d-e57c711c48f8\">Herunterladen<\/a><\/div>\n","protected":false},"excerpt":{"rendered":"<p>\u00dcbergabe der Zukunftscharta&nbsp; Am Donnerstag war es endlich soweit, die entwickelte Zukunftscharta zum Thema \u201eKlimaschutz\u201c, \u201eBildung\u201c und \u201eZusammenleben \/ Gesellschaft\u201c wurde feierlich den VertreterInnen der neuen Bundesregierung in Berlin \u00fcbergeben. Zuvor fand im Rahmen des Wettbewerbs \u201eBundestagswahl 2021 \u2013 Gib der Zukunft Deine Stimme!\u201c ein Planspiel mit den 10 GewinnerInnen statt, die dort eine Zukunftsvision &hellip; <\/p>\n<p class=\"link-more\"><a href=\"https:\/\/mpg-do.de\/?p=10817\" class=\"more-link\"><span class=\"screen-reader-text\">\u201ePreisverleihung im Bundestag\u201c <\/span>weiterlesen<\/a><\/p>\n","protected":false},"author":5,"featured_media":10818,"comment_status":"closed","ping_status":"closed","sticky":false,"template":"","format":"standard","meta":{"_crdt_document":"","footnotes":""},"categories":[1],"tags":[186],"class_list":["post-10817","post","type-post","status-publish","format-standard","has-post-thumbnail","hentry","category-allgemein","tag-politik","entry"],"_links":{"self":[{"href":"https:\/\/mpg-do.de\/index.php?rest_route=\/wp\/v2\/posts\/10817","targetHints":{"allow":["GET"]}}],"collection":[{"href":"https:\/\/mpg-do.de\/index.php?rest_route=\/wp\/v2\/posts"}],"about":[{"href":"https:\/\/mpg-do.de\/index.php?rest_route=\/wp\/v2\/types\/post"}],"author":[{"embeddable":true,"href":"https:\/\/mpg-do.de\/index.php?rest_route=\/wp\/v2\/users\/5"}],"replies":[{"embeddable":true,"href":"https:\/\/mpg-do.de\/index.php?rest_route=%2Fwp%2Fv2%2Fcomments&post=10817"}],"version-history":[{"count":6,"href":"https:\/\/mpg-do.de\/index.php?rest_route=\/wp\/v2\/posts\/10817\/revisions"}],"predecessor-version":[{"id":10919,"href":"https:\/\/mpg-do.de\/index.php?rest_route=\/wp\/v2\/posts\/10817\/revisions\/10919"}],"wp:featuredmedia":[{"embeddable":true,"href":"https:\/\/mpg-do.de\/index.php?rest_route=\/wp\/v2\/media\/10818"}],"wp:attachment":[{"href":"https:\/\/mpg-do.de\/index.php?rest_route=%2Fwp%2Fv2%2Fmedia&parent=10817"}],"wp:term":[{"taxonomy":"category","embeddable":true,"href":"https:\/\/mpg-do.de\/index.php?rest_route=%2Fwp%2Fv2%2Fcategories&post=10817"},{"taxonomy":"post_tag","embeddable":true,"href":"https:\/\/mpg-do.de\/index.php?rest_route=%2Fwp%2Fv2%2Ftags&post=10817"}],"curies":[{"name":"wp","href":"https:\/\/api.w.org\/{rel}","templated":true}]}}