{"id":11093,"date":"2022-05-23T20:57:28","date_gmt":"2022-05-23T18:57:28","guid":{"rendered":"https:\/\/mpg-do.de\/?p=11093"},"modified":"2022-05-25T21:19:58","modified_gmt":"2022-05-25T19:19:58","slug":"30-jahre-bilingualer-zweig","status":"publish","type":"post","link":"https:\/\/mpg-do.de\/?p=11093","title":{"rendered":"30 Jahre bilingualer Zweig\u00a0"},"content":{"rendered":"\n<p class=\"wp-block-paragraph\"><strong>Grande f\u00eate au lyc\u00e9e Max-Planck: 30 ans fili\u00e8re bilingue \u2013 Das MPG feiert.<\/strong><\/p>\n\n\n\n<p class=\"wp-block-paragraph\">Am Donnerstag den 2. Juni 2022 findet am MPG der Festakt zum 30-j\u00e4hrigen Jubil\u00e4um des bilingualen Zweiges statt. Die diesj\u00e4hrigen Absolventen des&nbsp;<a rel=\"noreferrer noopener\" href=\"https:\/\/noobserver.de\/?project=franzoesisch\" target=\"_blank\">deutsch-franz\u00f6sischen Doppelabschlusses<\/a>&nbsp;werden ihr Baccalaur\u00e9at-Zeugnis im Rahmen des Festprogramms entgegen nehmen k\u00f6nnen.<\/p>\n\n\n\n<!--more-->\n\n\n\n<figure class=\"wp-block-image size-large\"><img loading=\"lazy\" decoding=\"async\" width=\"567\" height=\"600\" src=\"https:\/\/mpg-do.de\/wp-content\/uploads\/2022\/05\/FFC0490F-046A-427C-BBB6-ED96920E8F25-567x600.jpeg\" alt=\"Jubil\u00e4um bilingualer Zweig\" class=\"wp-image-11094\" srcset=\"https:\/\/mpg-do.de\/wp-content\/uploads\/2022\/05\/FFC0490F-046A-427C-BBB6-ED96920E8F25-567x600.jpeg 567w, https:\/\/mpg-do.de\/wp-content\/uploads\/2022\/05\/FFC0490F-046A-427C-BBB6-ED96920E8F25-284x300.jpeg 284w, https:\/\/mpg-do.de\/wp-content\/uploads\/2022\/05\/FFC0490F-046A-427C-BBB6-ED96920E8F25-768x813.jpeg 768w, https:\/\/mpg-do.de\/wp-content\/uploads\/2022\/05\/FFC0490F-046A-427C-BBB6-ED96920E8F25-60x64.jpeg 60w, https:\/\/mpg-do.de\/wp-content\/uploads\/2022\/05\/FFC0490F-046A-427C-BBB6-ED96920E8F25.jpeg 945w\" sizes=\"auto, (max-width: 567px) 100vw, 567px\" \/><\/figure>\n\n\n\n<p class=\"wp-block-paragraph\">Sieben Sch\u00fcler_innen haben in ihrer Schulkarriere am Max-Planck-Gymnasium kontinuierliches Engagement f\u00fcr die Francophonie in zahlreichen Facetten bewiesen. Die erworbenen Kenntnisse der franz\u00f6sischen Sprache, Geschichte und Literatur werden im Beisein der franz\u00f6sischen Pr\u00fcfungsbeauftragten&nbsp;Madame St. Villette,&nbsp;des Koordinators des bilingualen Zweiges am MPG Dr. Christian K\u00f6nig&nbsp;und der Schulgemeinde honoriert.&nbsp;<\/p>\n\n\n\n<p class=\"wp-block-paragraph\">Auch werden die Schuler_innen des aktuellen\u00a0bilingualen Zweiges der Q1 geehrt &#8211; im <a href=\"https:\/\/mpg-do.de\/?p=11066\" data-type=\"post\" data-id=\"11066\">Wettbewerb\u00a0<em>Chante ton Abibac!<\/em><\/a>, ausgeschrieben von der Arbeitsgemeinschaft Libingua, haben diese durch ganz besonderes Engagement den ersten Preis der Jury gewonnen.<\/p>\n\n\n\n<p class=\"wp-block-paragraph\">Wir hoffen zahlreiche G\u00e4sten begr\u00fc\u00dfen zu d\u00fcrfen, die mit den Lehrer_innen und Sch\u00fcler_innen des Max-Planck-Gymnasiums den bilingualen Zweig und die Sch\u00fcler_innen, die diesen lebendig halten, zu feiern. Wir freuen uns auf eine heitere Stimmung bei Speis und Trank.<\/p>\n\n\n\n<p class=\"wp-block-paragraph\">Die Fachschaft Franz\u00f6sisch<\/p>\n","protected":false},"excerpt":{"rendered":"<p>Grande f\u00eate au lyc\u00e9e Max-Planck: 30 ans fili\u00e8re bilingue \u2013 Das MPG feiert. Am Donnerstag den 2. Juni 2022 findet am MPG der Festakt zum 30-j\u00e4hrigen Jubil\u00e4um des bilingualen Zweiges statt. Die diesj\u00e4hrigen Absolventen des&nbsp;deutsch-franz\u00f6sischen Doppelabschlusses&nbsp;werden ihr Baccalaur\u00e9at-Zeugnis im Rahmen des Festprogramms entgegen nehmen k\u00f6nnen.<\/p>\n","protected":false},"author":5,"featured_media":11095,"comment_status":"closed","ping_status":"closed","sticky":false,"template":"","format":"standard","meta":{"_crdt_document":"","footnotes":""},"categories":[1],"tags":[179,133],"class_list":["post-11093","post","type-post","status-publish","format-standard","has-post-thumbnail","hentry","category-allgemein","tag-bilingualer-zweig","tag-franzoesisch","entry"],"_links":{"self":[{"href":"https:\/\/mpg-do.de\/index.php?rest_route=\/wp\/v2\/posts\/11093","targetHints":{"allow":["GET"]}}],"collection":[{"href":"https:\/\/mpg-do.de\/index.php?rest_route=\/wp\/v2\/posts"}],"about":[{"href":"https:\/\/mpg-do.de\/index.php?rest_route=\/wp\/v2\/types\/post"}],"author":[{"embeddable":true,"href":"https:\/\/mpg-do.de\/index.php?rest_route=\/wp\/v2\/users\/5"}],"replies":[{"embeddable":true,"href":"https:\/\/mpg-do.de\/index.php?rest_route=%2Fwp%2Fv2%2Fcomments&post=11093"}],"version-history":[{"count":6,"href":"https:\/\/mpg-do.de\/index.php?rest_route=\/wp\/v2\/posts\/11093\/revisions"}],"predecessor-version":[{"id":11102,"href":"https:\/\/mpg-do.de\/index.php?rest_route=\/wp\/v2\/posts\/11093\/revisions\/11102"}],"wp:featuredmedia":[{"embeddable":true,"href":"https:\/\/mpg-do.de\/index.php?rest_route=\/wp\/v2\/media\/11095"}],"wp:attachment":[{"href":"https:\/\/mpg-do.de\/index.php?rest_route=%2Fwp%2Fv2%2Fmedia&parent=11093"}],"wp:term":[{"taxonomy":"category","embeddable":true,"href":"https:\/\/mpg-do.de\/index.php?rest_route=%2Fwp%2Fv2%2Fcategories&post=11093"},{"taxonomy":"post_tag","embeddable":true,"href":"https:\/\/mpg-do.de\/index.php?rest_route=%2Fwp%2Fv2%2Ftags&post=11093"}],"curies":[{"name":"wp","href":"https:\/\/api.w.org\/{rel}","templated":true}]}}