{"id":11216,"date":"2022-06-17T19:08:42","date_gmt":"2022-06-17T17:08:42","guid":{"rendered":"https:\/\/mpg-do.de\/?p=11216"},"modified":"2023-10-22T10:58:15","modified_gmt":"2023-10-22T08:58:15","slug":"bike-to-school-eiszeit-am-mpg","status":"publish","type":"post","link":"https:\/\/mpg-do.de\/?p=11216","title":{"rendered":"Bike to school \u2013 Eiszeit am MPG\u00a0"},"content":{"rendered":"\n<p class=\"wp-block-paragraph\">Das MPG erradelte bei der Kampagne \u201eBike to School\u201c den dritten Platz. Damit sparten unsere sportlichen Radler_innen&nbsp;nicht nur C0 2 ein und leisteten einen Beitrag zum Klimaschutz, sondern sie gewannen zus\u00e4tzlich Eis f\u00fcr unsere ganze Schule. So fuhr der Eiswagen am 13.6.22 vor unsere Schult\u00fcren und verteilte Eis.&nbsp;<\/p>\n\n\n\n<!--more-->\n\n\n\n<figure class=\"wp-block-image size-large\"><img loading=\"lazy\" decoding=\"async\" width=\"1253\" height=\"600\" src=\"https:\/\/mpg-do.de\/wp-content\/uploads\/2022\/06\/Bike-to-School-Eiszeit-Max-Planck-Gymnasium-Dortmund-1253x600.jpg\" alt=\"\" class=\"wp-image-11217\" srcset=\"https:\/\/mpg-do.de\/wp-content\/uploads\/2022\/06\/Bike-to-School-Eiszeit-Max-Planck-Gymnasium-Dortmund-1253x600.jpg 1253w, https:\/\/mpg-do.de\/wp-content\/uploads\/2022\/06\/Bike-to-School-Eiszeit-Max-Planck-Gymnasium-Dortmund-300x144.jpg 300w, https:\/\/mpg-do.de\/wp-content\/uploads\/2022\/06\/Bike-to-School-Eiszeit-Max-Planck-Gymnasium-Dortmund-768x368.jpg 768w, https:\/\/mpg-do.de\/wp-content\/uploads\/2022\/06\/Bike-to-School-Eiszeit-Max-Planck-Gymnasium-Dortmund-64x31.jpg 64w, https:\/\/mpg-do.de\/wp-content\/uploads\/2022\/06\/Bike-to-School-Eiszeit-Max-Planck-Gymnasium-Dortmund.jpg 1280w\" sizes=\"auto, (max-width: 1253px) 100vw, 1253px\" \/><\/figure>\n\n\n\n<p class=\"wp-block-paragraph\">Besonders erfreulich ist, dass nicht wenige Sch\u00fcler_innen wegen dieser Kampagne der Stadt Dortmund auf das Fahrrad umsattelten und merkten, wie gut sich der Schulweg mit dem Rad fahren l\u00e4sst.<\/p>\n\n\n\n<p class=\"wp-block-paragraph\">Ein herzliches Dankesch\u00f6n an alle, die f\u00fcr diesen Wettbewerb in die Pedale getreten und ihre Radwege getrackt haben!<\/p>\n\n\n\n<p class=\"wp-block-paragraph\">WEITERHIN GUTE FAHRT MIT DEM RAD!<\/p>\n\n\n\n<p class=\"wp-block-paragraph\">Sabine Sch\u00f6nherr<\/p>\n","protected":false},"excerpt":{"rendered":"<p>Das MPG erradelte bei der Kampagne \u201eBike to School\u201c den dritten Platz. Damit sparten unsere sportlichen Radler_innen&nbsp;nicht nur C0 2 ein und leisteten einen Beitrag zum Klimaschutz, sondern sie gewannen zus\u00e4tzlich Eis f\u00fcr unsere ganze Schule. So fuhr der Eiswagen am 13.6.22 vor unsere Schult\u00fcren und verteilte Eis.&nbsp;<\/p>\n","protected":false},"author":5,"featured_media":11217,"comment_status":"closed","ping_status":"closed","sticky":false,"template":"","format":"standard","meta":{"_crdt_document":"","footnotes":""},"categories":[1],"tags":[176],"class_list":["post-11216","post","type-post","status-publish","format-standard","has-post-thumbnail","hentry","category-allgemein","tag-umwelt","entry"],"_links":{"self":[{"href":"https:\/\/mpg-do.de\/index.php?rest_route=\/wp\/v2\/posts\/11216","targetHints":{"allow":["GET"]}}],"collection":[{"href":"https:\/\/mpg-do.de\/index.php?rest_route=\/wp\/v2\/posts"}],"about":[{"href":"https:\/\/mpg-do.de\/index.php?rest_route=\/wp\/v2\/types\/post"}],"author":[{"embeddable":true,"href":"https:\/\/mpg-do.de\/index.php?rest_route=\/wp\/v2\/users\/5"}],"replies":[{"embeddable":true,"href":"https:\/\/mpg-do.de\/index.php?rest_route=%2Fwp%2Fv2%2Fcomments&post=11216"}],"version-history":[{"count":2,"href":"https:\/\/mpg-do.de\/index.php?rest_route=\/wp\/v2\/posts\/11216\/revisions"}],"predecessor-version":[{"id":11225,"href":"https:\/\/mpg-do.de\/index.php?rest_route=\/wp\/v2\/posts\/11216\/revisions\/11225"}],"wp:featuredmedia":[{"embeddable":true,"href":"https:\/\/mpg-do.de\/index.php?rest_route=\/wp\/v2\/media\/11217"}],"wp:attachment":[{"href":"https:\/\/mpg-do.de\/index.php?rest_route=%2Fwp%2Fv2%2Fmedia&parent=11216"}],"wp:term":[{"taxonomy":"category","embeddable":true,"href":"https:\/\/mpg-do.de\/index.php?rest_route=%2Fwp%2Fv2%2Fcategories&post=11216"},{"taxonomy":"post_tag","embeddable":true,"href":"https:\/\/mpg-do.de\/index.php?rest_route=%2Fwp%2Fv2%2Ftags&post=11216"}],"curies":[{"name":"wp","href":"https:\/\/api.w.org\/{rel}","templated":true}]}}