{"id":12013,"date":"2023-02-15T18:57:50","date_gmt":"2023-02-15T17:57:50","guid":{"rendered":"https:\/\/mpg-do.de\/?p=12013"},"modified":"2023-02-15T19:36:57","modified_gmt":"2023-02-15T18:36:57","slug":"mpg-gewinnt-schach-stadtmeisterschaft","status":"publish","type":"post","link":"https:\/\/mpg-do.de\/?p=12013","title":{"rendered":"MPG gewinnt Schach-Stadtmeisterschaft"},"content":{"rendered":"\n<p class=\"wp-block-paragraph\">Am Freitag, dem 3. Februar 2023 fand das j\u00e4hrliche Schachturnier der weiterf\u00fchrenden Schulen aus Dortmund am Immanuel-Kant-Gymnasium statt. Insgesamt haben 39 Teams von 11 Schulen teilgenommen. Damit hat sich die Zahl der Teilnehmenden im Vergleich zum Vorjahr verdoppelt. Das MPG ist dieses Mal mit drei Teams angetreten, zwei in der WK II und einem Team in der WK IV.\u00a0<\/p>\n\n\n\n<!--more-->\n\n\n\n<figure class=\"wp-block-image size-full\"><img loading=\"lazy\" decoding=\"async\" width=\"1280\" height=\"586\" src=\"https:\/\/mpg-do.de\/wp-content\/uploads\/2023\/02\/Schach-Stadtmeisterschaft-2023-Saal-Max-Planck-Gymnasium-Dortmund.jpg\" alt=\"\" class=\"wp-image-12015\" srcset=\"https:\/\/mpg-do.de\/wp-content\/uploads\/2023\/02\/Schach-Stadtmeisterschaft-2023-Saal-Max-Planck-Gymnasium-Dortmund.jpg 1280w, https:\/\/mpg-do.de\/wp-content\/uploads\/2023\/02\/Schach-Stadtmeisterschaft-2023-Saal-Max-Planck-Gymnasium-Dortmund-300x137.jpg 300w, https:\/\/mpg-do.de\/wp-content\/uploads\/2023\/02\/Schach-Stadtmeisterschaft-2023-Saal-Max-Planck-Gymnasium-Dortmund-768x352.jpg 768w, https:\/\/mpg-do.de\/wp-content\/uploads\/2023\/02\/Schach-Stadtmeisterschaft-2023-Saal-Max-Planck-Gymnasium-Dortmund-64x29.jpg 64w\" sizes=\"auto, (max-width: 1280px) 100vw, 1280px\" \/><\/figure>\n\n\n\n<p class=\"wp-block-paragraph\">Am Ende des Tages konnten die J\u00fcngsten in der WK IV die Partien um den Titel f\u00fcr sich entscheiden. Felix und Frederic H., Julian S., Robin S. und Emre Y. aus der Jahrgangsstufe 5 erzielten insgesamt 14 Punkte und waren in allen sieben Spielen ungeschlagen. Damit hat sich das Team f\u00fcr das Landesfinale am 24. M\u00e4rz in Hamm qualifiziert. Neben dem Siegerpokal und einer Urkunde gab es f\u00fcr die Schule eine offizielle Schachuhr, welche nun in der Schach-AG beim Training f\u00fcr das Finale eingesetzt wird.&nbsp;<\/p>\n\n\n\n<p class=\"wp-block-paragraph\">In der WK II hat die Mannschaft aus Oskar B., Jona B., Andrius S., Robert P., Jake V. und Max V. das Siegerpodest knapp verfehlt und belegte den 4. Platz. Gl\u00fccklicherweise reichte diese Platzierung f\u00fcr eine Nachnominierung f\u00fcr das Finale in Hamm.\u00a0<\/p>\n\n\n\n<p class=\"wp-block-paragraph\">Das dritte Team mit Noah A., Tom B., Lennon C., Yubin H., Bassam S., Omar S. und&nbsp; Marc W. schlug sich tapfer und belegte am Ende den 9. Platz.<\/p>\n\n\n\n<p class=\"wp-block-paragraph\">Wir w\u00fcnschen den Teilnehmenden f\u00fcr das Finale in Hamm ganz viel Erfolg!<\/p>\n\n\n\n<p class=\"wp-block-paragraph\">Miriam Bathe<\/p>\n\n\n\n<figure class=\"wp-block-image size-large\"><img loading=\"lazy\" decoding=\"async\" width=\"593\" height=\"600\" src=\"https:\/\/mpg-do.de\/wp-content\/uploads\/2023\/02\/Schach-Stadtmeisterschaft-2023-Max-Planck-Gymnasium-Dortmund-593x600.jpg\" alt=\"\" class=\"wp-image-12014\" srcset=\"https:\/\/mpg-do.de\/wp-content\/uploads\/2023\/02\/Schach-Stadtmeisterschaft-2023-Max-Planck-Gymnasium-Dortmund-593x600.jpg 593w, https:\/\/mpg-do.de\/wp-content\/uploads\/2023\/02\/Schach-Stadtmeisterschaft-2023-Max-Planck-Gymnasium-Dortmund-296x300.jpg 296w, https:\/\/mpg-do.de\/wp-content\/uploads\/2023\/02\/Schach-Stadtmeisterschaft-2023-Max-Planck-Gymnasium-Dortmund-768x777.jpg 768w, https:\/\/mpg-do.de\/wp-content\/uploads\/2023\/02\/Schach-Stadtmeisterschaft-2023-Max-Planck-Gymnasium-Dortmund-64x64.jpg 64w, https:\/\/mpg-do.de\/wp-content\/uploads\/2023\/02\/Schach-Stadtmeisterschaft-2023-Max-Planck-Gymnasium-Dortmund.jpg 1265w\" sizes=\"auto, (max-width: 593px) 100vw, 593px\" \/><\/figure>\n","protected":false},"excerpt":{"rendered":"<p>Am Freitag, dem 3. Februar 2023 fand das j\u00e4hrliche Schachturnier der weiterf\u00fchrenden Schulen aus Dortmund am Immanuel-Kant-Gymnasium statt. Insgesamt haben 39 Teams von 11 Schulen teilgenommen. Damit hat sich die Zahl der Teilnehmenden im Vergleich zum Vorjahr verdoppelt. Das MPG ist dieses Mal mit drei Teams angetreten, zwei in der WK II und einem Team &hellip; <\/p>\n<p class=\"link-more\"><a href=\"https:\/\/mpg-do.de\/?p=12013\" class=\"more-link\"><span class=\"screen-reader-text\">\u201eMPG gewinnt Schach-Stadtmeisterschaft\u201c <\/span>weiterlesen<\/a><\/p>\n","protected":false},"author":5,"featured_media":12016,"comment_status":"closed","ping_status":"closed","sticky":false,"template":"","format":"standard","meta":{"_crdt_document":"","footnotes":""},"categories":[1],"tags":[119],"class_list":["post-12013","post","type-post","status-publish","format-standard","has-post-thumbnail","hentry","category-allgemein","tag-schach","entry"],"_links":{"self":[{"href":"https:\/\/mpg-do.de\/index.php?rest_route=\/wp\/v2\/posts\/12013","targetHints":{"allow":["GET"]}}],"collection":[{"href":"https:\/\/mpg-do.de\/index.php?rest_route=\/wp\/v2\/posts"}],"about":[{"href":"https:\/\/mpg-do.de\/index.php?rest_route=\/wp\/v2\/types\/post"}],"author":[{"embeddable":true,"href":"https:\/\/mpg-do.de\/index.php?rest_route=\/wp\/v2\/users\/5"}],"replies":[{"embeddable":true,"href":"https:\/\/mpg-do.de\/index.php?rest_route=%2Fwp%2Fv2%2Fcomments&post=12013"}],"version-history":[{"count":2,"href":"https:\/\/mpg-do.de\/index.php?rest_route=\/wp\/v2\/posts\/12013\/revisions"}],"predecessor-version":[{"id":12018,"href":"https:\/\/mpg-do.de\/index.php?rest_route=\/wp\/v2\/posts\/12013\/revisions\/12018"}],"wp:featuredmedia":[{"embeddable":true,"href":"https:\/\/mpg-do.de\/index.php?rest_route=\/wp\/v2\/media\/12016"}],"wp:attachment":[{"href":"https:\/\/mpg-do.de\/index.php?rest_route=%2Fwp%2Fv2%2Fmedia&parent=12013"}],"wp:term":[{"taxonomy":"category","embeddable":true,"href":"https:\/\/mpg-do.de\/index.php?rest_route=%2Fwp%2Fv2%2Fcategories&post=12013"},{"taxonomy":"post_tag","embeddable":true,"href":"https:\/\/mpg-do.de\/index.php?rest_route=%2Fwp%2Fv2%2Ftags&post=12013"}],"curies":[{"name":"wp","href":"https:\/\/api.w.org\/{rel}","templated":true}]}}