{"id":12411,"date":"2023-06-21T11:20:02","date_gmt":"2023-06-21T09:20:02","guid":{"rendered":"https:\/\/mpg-do.de\/?p=12411"},"modified":"2023-06-22T13:09:32","modified_gmt":"2023-06-22T11:09:32","slug":"dortmund-mit-herz","status":"publish","type":"post","link":"https:\/\/mpg-do.de\/?p=12411","title":{"rendered":"Dortmund mit Herz"},"content":{"rendered":"\n<p class=\"wp-block-paragraph\"><strong>Was haben wir gemacht?<\/strong><\/p>\n\n\n\n<p class=\"wp-block-paragraph\">Am Freitag (16.06.2023) haben wir uns mit der Organisation BODO e.V. getroffen und eine soziale Stadtf\u00fchrung gemacht. Ein Mitarbeiter der Organisation, der fr\u00fcher obdachlos war, zeigte uns Orte f\u00fcr Bed\u00fcrftige, wie zum Beispiel die Suppenk\u00fcche oder die Drogenberatungsstelle. Er erz\u00e4hlte uns auch von seinem Leben auf der Stra\u00dfe und den damit verbundenen Problemen. Zudem berichtete er uns davon, wie er mithilfe verschiedener Organisationen, wie unter anderem BODO e.V., es von der Stra\u00dfe geschafft hat.<\/p>\n\n\n\n<!--more-->\n\n\n\n<figure class=\"wp-block-image size-large\"><img loading=\"lazy\" decoding=\"async\" width=\"544\" height=\"600\" src=\"https:\/\/mpg-do.de\/wp-content\/uploads\/2023\/06\/42F63C74-CA1E-4F4B-8CFC-92C09DBA12FF-544x600.jpeg\" alt=\"\" class=\"wp-image-12414\" srcset=\"https:\/\/mpg-do.de\/wp-content\/uploads\/2023\/06\/42F63C74-CA1E-4F4B-8CFC-92C09DBA12FF-544x600.jpeg 544w, https:\/\/mpg-do.de\/wp-content\/uploads\/2023\/06\/42F63C74-CA1E-4F4B-8CFC-92C09DBA12FF-272x300.jpeg 272w, https:\/\/mpg-do.de\/wp-content\/uploads\/2023\/06\/42F63C74-CA1E-4F4B-8CFC-92C09DBA12FF-58x64.jpeg 58w, https:\/\/mpg-do.de\/wp-content\/uploads\/2023\/06\/42F63C74-CA1E-4F4B-8CFC-92C09DBA12FF.jpeg 677w\" sizes=\"auto, (max-width: 544px) 100vw, 544px\" \/><\/figure>\n\n\n\n<p class=\"wp-block-paragraph\">Am zweiten Projekttag (19.06.2023) sammelten wir Spenden f\u00fcr das Gasthaus. Das Gasthaus ist eine Organisation, die sich f\u00fcr obdachlose Menschen einsetzt. Daf\u00fcr sprachen wir Personen vor dem dm und Aldi an und baten sie um Spenden, die wir am n\u00e4chsten Tag spendeten. Wir sammelten eine gro\u00dfe Menge an Hygieneartikeln und Lebensmitteln.<\/p>\n\n\n\n<p class=\"wp-block-paragraph\">Am letzten Tag (20.06.2023) erstellten wir Plakate zu unserem Projekt, um Mitsch\u00fcler_inne zu ermutigen, sich f\u00fcr einen guten Zweck einzusetzen, indem sie sich auch sozial engagieren. Auf den Plakaten haben wir acht verschiedene Organisationen vorgestellt, wo man sich auch schon in unserem Alter sozial engagieren kann. Diese Plakate pr\u00e4sentierten wir in der Aula der Schule. Mittags gaben wir die gesammelten Spenden im Gasthaus ab.<\/p>\n\n\n\n<p class=\"wp-block-paragraph\"><strong>Was haben wir gelernt?<\/strong><\/p>\n\n\n\n<p class=\"wp-block-paragraph\">Wir haben gelernt, dass Obdachlosigkeit in Dortmund leider sehr weit verbreitet ist und dass die Menschen f\u00fcr jede Hilfe, die sie bekommen, dankbar sind. Au\u00dferdem haben wir mit auf den Weg bekommen, wie man Obdachlosen am besten hilft, ohne das eigene Taschengeld opfern zu m\u00fcssen, indem man ihnen einen sch\u00f6nen Tag w\u00fcnscht oder einfach nett l\u00e4chelt. Auf der Stra\u00dfe ist es hart und diese Menschen erhalten selten oder nur sehr wenig H\u00f6flichkeit und Verst\u00e4ndnis f\u00fcr ihre Situation. Man sollte ihnen mit Respekt begegnen, da die obdachlosen Menschen h\u00e4ufig nichts f\u00fcr ihre Situation k\u00f6nnen. Wenn man zum Beispiel an einem freien Wochenende beim Sortieren der Spenden hilft, kann man auch schon eine gro\u00dfe Hilfe sein.<\/p>\n\n\n\n<p class=\"wp-block-paragraph\"><strong>Was wollen wir erreichen?<\/strong><\/p>\n\n\n\n<p class=\"wp-block-paragraph\">Wir wollen Jugendliche auffordern, sich sozial zu engagieren. Eine kleine nette Geste kann den Tag von jemandem verbessern.<\/p>\n\n\n\n<p class=\"wp-block-paragraph\">Wenn euch soziales Engagement in Dortmund n\u00e4her interessiert, k\u00f6nnt ihr hier nachlesen:<\/p>\n\n\n\n<figure class=\"wp-block-image size-large\"><img loading=\"lazy\" decoding=\"async\" width=\"827\" height=\"600\" src=\"https:\/\/mpg-do.de\/wp-content\/uploads\/2023\/06\/0A02D0D0-D925-4984-8AF0-9F76528DC74C-827x600.jpeg\" alt=\"\" class=\"wp-image-12415\" srcset=\"https:\/\/mpg-do.de\/wp-content\/uploads\/2023\/06\/0A02D0D0-D925-4984-8AF0-9F76528DC74C-827x600.jpeg 827w, https:\/\/mpg-do.de\/wp-content\/uploads\/2023\/06\/0A02D0D0-D925-4984-8AF0-9F76528DC74C-300x218.jpeg 300w, https:\/\/mpg-do.de\/wp-content\/uploads\/2023\/06\/0A02D0D0-D925-4984-8AF0-9F76528DC74C-768x557.jpeg 768w, https:\/\/mpg-do.de\/wp-content\/uploads\/2023\/06\/0A02D0D0-D925-4984-8AF0-9F76528DC74C-64x46.jpeg 64w, https:\/\/mpg-do.de\/wp-content\/uploads\/2023\/06\/0A02D0D0-D925-4984-8AF0-9F76528DC74C.jpeg 984w\" sizes=\"auto, (max-width: 827px) 100vw, 827px\" \/><\/figure>\n\n\n\n<figure class=\"wp-block-image size-large\"><img loading=\"lazy\" decoding=\"async\" width=\"834\" height=\"600\" src=\"https:\/\/mpg-do.de\/wp-content\/uploads\/2023\/06\/02C650B8-4371-4922-8CEF-BCD56B85141B-834x600.jpeg\" alt=\"\" class=\"wp-image-12412\" srcset=\"https:\/\/mpg-do.de\/wp-content\/uploads\/2023\/06\/02C650B8-4371-4922-8CEF-BCD56B85141B-834x600.jpeg 834w, https:\/\/mpg-do.de\/wp-content\/uploads\/2023\/06\/02C650B8-4371-4922-8CEF-BCD56B85141B-300x216.jpeg 300w, https:\/\/mpg-do.de\/wp-content\/uploads\/2023\/06\/02C650B8-4371-4922-8CEF-BCD56B85141B-768x552.jpeg 768w, https:\/\/mpg-do.de\/wp-content\/uploads\/2023\/06\/02C650B8-4371-4922-8CEF-BCD56B85141B-64x46.jpeg 64w, https:\/\/mpg-do.de\/wp-content\/uploads\/2023\/06\/02C650B8-4371-4922-8CEF-BCD56B85141B.jpeg 972w\" sizes=\"auto, (max-width: 834px) 100vw, 834px\" \/><\/figure>\n","protected":false},"excerpt":{"rendered":"<p>Was haben wir gemacht? Am Freitag (16.06.2023) haben wir uns mit der Organisation BODO e.V. getroffen und eine soziale Stadtf\u00fchrung gemacht. Ein Mitarbeiter der Organisation, der fr\u00fcher obdachlos war, zeigte uns Orte f\u00fcr Bed\u00fcrftige, wie zum Beispiel die Suppenk\u00fcche oder die Drogenberatungsstelle. Er erz\u00e4hlte uns auch von seinem Leben auf der Stra\u00dfe und den damit &hellip; <\/p>\n<p class=\"link-more\"><a href=\"https:\/\/mpg-do.de\/?p=12411\" class=\"more-link\"><span class=\"screen-reader-text\">\u201eDortmund mit Herz\u201c <\/span>weiterlesen<\/a><\/p>\n","protected":false},"author":5,"featured_media":12416,"comment_status":"closed","ping_status":"closed","sticky":false,"template":"","format":"standard","meta":{"_crdt_document":"","footnotes":""},"categories":[1],"tags":[184],"class_list":["post-12411","post","type-post","status-publish","format-standard","has-post-thumbnail","hentry","category-allgemein","tag-projekttage","entry"],"_links":{"self":[{"href":"https:\/\/mpg-do.de\/index.php?rest_route=\/wp\/v2\/posts\/12411","targetHints":{"allow":["GET"]}}],"collection":[{"href":"https:\/\/mpg-do.de\/index.php?rest_route=\/wp\/v2\/posts"}],"about":[{"href":"https:\/\/mpg-do.de\/index.php?rest_route=\/wp\/v2\/types\/post"}],"author":[{"embeddable":true,"href":"https:\/\/mpg-do.de\/index.php?rest_route=\/wp\/v2\/users\/5"}],"replies":[{"embeddable":true,"href":"https:\/\/mpg-do.de\/index.php?rest_route=%2Fwp%2Fv2%2Fcomments&post=12411"}],"version-history":[{"count":1,"href":"https:\/\/mpg-do.de\/index.php?rest_route=\/wp\/v2\/posts\/12411\/revisions"}],"predecessor-version":[{"id":12417,"href":"https:\/\/mpg-do.de\/index.php?rest_route=\/wp\/v2\/posts\/12411\/revisions\/12417"}],"wp:featuredmedia":[{"embeddable":true,"href":"https:\/\/mpg-do.de\/index.php?rest_route=\/wp\/v2\/media\/12416"}],"wp:attachment":[{"href":"https:\/\/mpg-do.de\/index.php?rest_route=%2Fwp%2Fv2%2Fmedia&parent=12411"}],"wp:term":[{"taxonomy":"category","embeddable":true,"href":"https:\/\/mpg-do.de\/index.php?rest_route=%2Fwp%2Fv2%2Fcategories&post=12411"},{"taxonomy":"post_tag","embeddable":true,"href":"https:\/\/mpg-do.de\/index.php?rest_route=%2Fwp%2Fv2%2Ftags&post=12411"}],"curies":[{"name":"wp","href":"https:\/\/api.w.org\/{rel}","templated":true}]}}