{"id":12418,"date":"2023-06-21T13:09:44","date_gmt":"2023-06-21T11:09:44","guid":{"rendered":"https:\/\/mpg-do.de\/?p=12418"},"modified":"2023-09-07T07:17:42","modified_gmt":"2023-09-07T05:17:42","slug":"video-einblick-in-den-erweiterungsbau","status":"publish","type":"post","link":"https:\/\/mpg-do.de\/?p=12418","title":{"rendered":"Video: Einblick in den Erweiterungsbau"},"content":{"rendered":"\n<p class=\"wp-block-paragraph\">Liebe Schulgemeinde, liebe am MPG Interessierte,&nbsp;<\/p>\n\n\n\n<p class=\"wp-block-paragraph\">mit diesem von Hey MPG gestalteten Video zu unserem Schulerweiterungsbau sende ich Ihnen und euch beste W\u00fcnsche f\u00fcr die Sommerferien nach einem fordernden und zugleich spannenden und ereignisreichen Schuljahr. Ich w\u00fcnsche Erholung und Zeit zum Durchatmen. Ich freue mich auf die weitere Zusammenarbeit im kommenden Schuljahr, auf die vielf\u00e4ltigen Aufgaben und Begegnungen und darauf, den Schulerweiterungsbau vollumf\u00e4nglich in Betrieb zu nehmen.<\/p>\n\n\n\n<p class=\"wp-block-paragraph\">Ute Tometten<\/p>\n\n\n\n<p class=\"wp-block-paragraph\">Schulleiterin&nbsp;<\/p>\n\n\n\n<!--more-->\n\n\n\n<p class=\"wp-block-paragraph\"><a href=\"https:\/\/drive.google.com\/file\/d\/1HcjGpfQhcb4UYRbiUwIIPvqoqoxTPcFR\/view?usp=share_link\">https:\/\/drive.google.com\/file\/d\/1HcjGpfQhcb4UYRbiUwIIPvqoqoxTPcFR\/view?usp=share_link<\/a><\/p>\n\n\n\n<figure class=\"wp-block-image size-large\"><a href=\"https:\/\/drive.google.com\/file\/d\/1HcjGpfQhcb4UYRbiUwIIPvqoqoxTPcFR\/view?usp=share_link\"><img loading=\"lazy\" decoding=\"async\" width=\"1070\" height=\"600\" src=\"https:\/\/mpg-do.de\/wp-content\/uploads\/2023\/06\/Schulerweiterungsbau-Logo-Max-Planck-Gymnasium-Dortmund-1070x600.png\" alt=\"\" class=\"wp-image-12435\" srcset=\"https:\/\/mpg-do.de\/wp-content\/uploads\/2023\/06\/Schulerweiterungsbau-Logo-Max-Planck-Gymnasium-Dortmund-1070x600.png 1070w, https:\/\/mpg-do.de\/wp-content\/uploads\/2023\/06\/Schulerweiterungsbau-Logo-Max-Planck-Gymnasium-Dortmund-300x168.png 300w, https:\/\/mpg-do.de\/wp-content\/uploads\/2023\/06\/Schulerweiterungsbau-Logo-Max-Planck-Gymnasium-Dortmund-768x431.png 768w, https:\/\/mpg-do.de\/wp-content\/uploads\/2023\/06\/Schulerweiterungsbau-Logo-Max-Planck-Gymnasium-Dortmund-64x36.png 64w, https:\/\/mpg-do.de\/wp-content\/uploads\/2023\/06\/Schulerweiterungsbau-Logo-Max-Planck-Gymnasium-Dortmund.png 1280w\" sizes=\"auto, (max-width: 1070px) 100vw, 1070px\" \/><\/a><figcaption class=\"wp-element-caption\">Nach den Ferien beginnt der Unterricht im Schulerweiterungsbau. <br>Wie das Ganze aussehen wird, erfahrt ihr in diesem Video des Nachrichtenteams von HeyMPG!<\/figcaption><\/figure>\n","protected":false},"excerpt":{"rendered":"<p>Liebe Schulgemeinde, liebe am MPG Interessierte,&nbsp; mit diesem von Hey MPG gestalteten Video zu unserem Schulerweiterungsbau sende ich Ihnen und euch beste W\u00fcnsche f\u00fcr die Sommerferien nach einem fordernden und zugleich spannenden und ereignisreichen Schuljahr. Ich w\u00fcnsche Erholung und Zeit zum Durchatmen. Ich freue mich auf die weitere Zusammenarbeit im kommenden Schuljahr, auf die vielf\u00e4ltigen &hellip; <\/p>\n<p class=\"link-more\"><a href=\"https:\/\/mpg-do.de\/?p=12418\" class=\"more-link\"><span class=\"screen-reader-text\">\u201eVideo: Einblick in den Erweiterungsbau\u201c <\/span>weiterlesen<\/a><\/p>\n","protected":false},"author":5,"featured_media":12436,"comment_status":"closed","ping_status":"closed","sticky":false,"template":"","format":"standard","meta":{"_crdt_document":"","footnotes":""},"categories":[1],"tags":[81,246],"class_list":["post-12418","post","type-post","status-publish","format-standard","has-post-thumbnail","hentry","category-allgemein","tag-gebaeude","tag-heympg","entry"],"_links":{"self":[{"href":"https:\/\/mpg-do.de\/index.php?rest_route=\/wp\/v2\/posts\/12418","targetHints":{"allow":["GET"]}}],"collection":[{"href":"https:\/\/mpg-do.de\/index.php?rest_route=\/wp\/v2\/posts"}],"about":[{"href":"https:\/\/mpg-do.de\/index.php?rest_route=\/wp\/v2\/types\/post"}],"author":[{"embeddable":true,"href":"https:\/\/mpg-do.de\/index.php?rest_route=\/wp\/v2\/users\/5"}],"replies":[{"embeddable":true,"href":"https:\/\/mpg-do.de\/index.php?rest_route=%2Fwp%2Fv2%2Fcomments&post=12418"}],"version-history":[{"count":7,"href":"https:\/\/mpg-do.de\/index.php?rest_route=\/wp\/v2\/posts\/12418\/revisions"}],"predecessor-version":[{"id":12444,"href":"https:\/\/mpg-do.de\/index.php?rest_route=\/wp\/v2\/posts\/12418\/revisions\/12444"}],"wp:featuredmedia":[{"embeddable":true,"href":"https:\/\/mpg-do.de\/index.php?rest_route=\/wp\/v2\/media\/12436"}],"wp:attachment":[{"href":"https:\/\/mpg-do.de\/index.php?rest_route=%2Fwp%2Fv2%2Fmedia&parent=12418"}],"wp:term":[{"taxonomy":"category","embeddable":true,"href":"https:\/\/mpg-do.de\/index.php?rest_route=%2Fwp%2Fv2%2Fcategories&post=12418"},{"taxonomy":"post_tag","embeddable":true,"href":"https:\/\/mpg-do.de\/index.php?rest_route=%2Fwp%2Fv2%2Ftags&post=12418"}],"curies":[{"name":"wp","href":"https:\/\/api.w.org\/{rel}","templated":true}]}}