{"id":12424,"date":"2023-06-22T13:09:35","date_gmt":"2023-06-22T11:09:35","guid":{"rendered":"https:\/\/mpg-do.de\/?p=12424"},"modified":"2023-06-22T16:24:41","modified_gmt":"2023-06-22T14:24:41","slug":"portugiesisch-gestaltet","status":"publish","type":"post","link":"https:\/\/mpg-do.de\/?p=12424","title":{"rendered":"Portugiesisch gestaltet"},"content":{"rendered":"\n<p class=\"wp-block-paragraph\">In einem faszinierenden Portugal-Projekt wurde eine Wand in unserer Schule zum Leben erweckt. Cristiano Ronaldo, die portugiesische Fu\u00dfball-Legende, wurde von Sch\u00fclern in all seiner Pracht an die Wand gemalt. Das beeindruckende Gem\u00e4lde verbindet die Begeisterung f\u00fcr den Sport und die Bewunderung f\u00fcr die portugiesische Kultur. So l\u00e4sst es sich arbeiten.<\/p>\n\n\n\n<!--more-->\n\n\n\n<figure class=\"wp-block-image size-large\"><img loading=\"lazy\" decoding=\"async\" width=\"450\" height=\"600\" src=\"https:\/\/mpg-do.de\/wp-content\/uploads\/2023\/06\/Portugiesischer-Fussballer-Max-Planck-Gymnasium-Dortmund-450x600.jpeg\" alt=\"\" class=\"wp-image-12426\" srcset=\"https:\/\/mpg-do.de\/wp-content\/uploads\/2023\/06\/Portugiesischer-Fussballer-Max-Planck-Gymnasium-Dortmund-450x600.jpeg 450w, https:\/\/mpg-do.de\/wp-content\/uploads\/2023\/06\/Portugiesischer-Fussballer-Max-Planck-Gymnasium-Dortmund-225x300.jpeg 225w, https:\/\/mpg-do.de\/wp-content\/uploads\/2023\/06\/Portugiesischer-Fussballer-Max-Planck-Gymnasium-Dortmund-768x1024.jpeg 768w, https:\/\/mpg-do.de\/wp-content\/uploads\/2023\/06\/Portugiesischer-Fussballer-Max-Planck-Gymnasium-Dortmund-48x64.jpeg 48w, https:\/\/mpg-do.de\/wp-content\/uploads\/2023\/06\/Portugiesischer-Fussballer-Max-Planck-Gymnasium-Dortmund-rotated.jpeg 960w\" sizes=\"auto, (max-width: 450px) 100vw, 450px\" \/><\/figure>\n\n\n\n<figure class=\"wp-block-image size-large\"><img loading=\"lazy\" decoding=\"async\" width=\"800\" height=\"600\" src=\"https:\/\/mpg-do.de\/wp-content\/uploads\/2023\/06\/Portugiesische-Strassenbahn-Max-Planck-Gymnasium-Dortmund-800x600.jpg\" alt=\"\" class=\"wp-image-12425\" srcset=\"https:\/\/mpg-do.de\/wp-content\/uploads\/2023\/06\/Portugiesische-Strassenbahn-Max-Planck-Gymnasium-Dortmund-800x600.jpg 800w, https:\/\/mpg-do.de\/wp-content\/uploads\/2023\/06\/Portugiesische-Strassenbahn-Max-Planck-Gymnasium-Dortmund-300x225.jpg 300w, https:\/\/mpg-do.de\/wp-content\/uploads\/2023\/06\/Portugiesische-Strassenbahn-Max-Planck-Gymnasium-Dortmund-120x90.jpg 120w, https:\/\/mpg-do.de\/wp-content\/uploads\/2023\/06\/Portugiesische-Strassenbahn-Max-Planck-Gymnasium-Dortmund-768x576.jpg 768w, https:\/\/mpg-do.de\/wp-content\/uploads\/2023\/06\/Portugiesische-Strassenbahn-Max-Planck-Gymnasium-Dortmund-64x48.jpg 64w, https:\/\/mpg-do.de\/wp-content\/uploads\/2023\/06\/Portugiesische-Strassenbahn-Max-Planck-Gymnasium-Dortmund.jpg 1280w\" sizes=\"auto, (max-width: 800px) 100vw, 800px\" \/><\/figure>\n","protected":false},"excerpt":{"rendered":"<p>In einem faszinierenden Portugal-Projekt wurde eine Wand in unserer Schule zum Leben erweckt. Cristiano Ronaldo, die portugiesische Fu\u00dfball-Legende, wurde von Sch\u00fclern in all seiner Pracht an die Wand gemalt. Das beeindruckende Gem\u00e4lde verbindet die Begeisterung f\u00fcr den Sport und die Bewunderung f\u00fcr die portugiesische Kultur. So l\u00e4sst es sich arbeiten.<\/p>\n","protected":false},"author":5,"featured_media":12427,"comment_status":"closed","ping_status":"closed","sticky":false,"template":"","format":"standard","meta":{"_crdt_document":"","footnotes":""},"categories":[1],"tags":[68],"class_list":["post-12424","post","type-post","status-publish","format-standard","has-post-thumbnail","hentry","category-allgemein","tag-portugiesisch","entry"],"_links":{"self":[{"href":"https:\/\/mpg-do.de\/index.php?rest_route=\/wp\/v2\/posts\/12424","targetHints":{"allow":["GET"]}}],"collection":[{"href":"https:\/\/mpg-do.de\/index.php?rest_route=\/wp\/v2\/posts"}],"about":[{"href":"https:\/\/mpg-do.de\/index.php?rest_route=\/wp\/v2\/types\/post"}],"author":[{"embeddable":true,"href":"https:\/\/mpg-do.de\/index.php?rest_route=\/wp\/v2\/users\/5"}],"replies":[{"embeddable":true,"href":"https:\/\/mpg-do.de\/index.php?rest_route=%2Fwp%2Fv2%2Fcomments&post=12424"}],"version-history":[{"count":2,"href":"https:\/\/mpg-do.de\/index.php?rest_route=\/wp\/v2\/posts\/12424\/revisions"}],"predecessor-version":[{"id":12431,"href":"https:\/\/mpg-do.de\/index.php?rest_route=\/wp\/v2\/posts\/12424\/revisions\/12431"}],"wp:featuredmedia":[{"embeddable":true,"href":"https:\/\/mpg-do.de\/index.php?rest_route=\/wp\/v2\/media\/12427"}],"wp:attachment":[{"href":"https:\/\/mpg-do.de\/index.php?rest_route=%2Fwp%2Fv2%2Fmedia&parent=12424"}],"wp:term":[{"taxonomy":"category","embeddable":true,"href":"https:\/\/mpg-do.de\/index.php?rest_route=%2Fwp%2Fv2%2Fcategories&post=12424"},{"taxonomy":"post_tag","embeddable":true,"href":"https:\/\/mpg-do.de\/index.php?rest_route=%2Fwp%2Fv2%2Ftags&post=12424"}],"curies":[{"name":"wp","href":"https:\/\/api.w.org\/{rel}","templated":true}]}}