{"id":12686,"date":"2023-09-29T12:25:57","date_gmt":"2023-09-29T10:25:57","guid":{"rendered":"https:\/\/mpg-do.de\/?p=12686"},"modified":"2023-09-29T12:27:08","modified_gmt":"2023-09-29T10:27:08","slug":"praktikum-in-portugal-2023","status":"publish","type":"post","link":"https:\/\/mpg-do.de\/?p=12686","title":{"rendered":"Praktikum\u00a0in\u00a0Portugal\u00a02023"},"content":{"rendered":"\n<p class=\"wp-block-paragraph\">Dieser Artikel handelt von dem zweiw\u00f6chigen Praktikum in Portugal, welches in der 9. Klasse angeboten wird.<\/p>\n\n\n\n<p class=\"wp-block-paragraph\">Ich m\u00f6chte euch gerne einen Einblick aus der Zeit des Praktikums in Portugal geben. Ich war in Portugal Praktikant in einem Kindergarten.<\/p>\n\n\n\n<!--more-->\n\n\n\n<figure class=\"wp-block-image size-large\"><img loading=\"lazy\" decoding=\"async\" width=\"800\" height=\"600\" src=\"https:\/\/mpg-do.de\/wp-content\/uploads\/2023\/09\/IMG_0615-Max-Planck-Gymnasium-Dortmund-800x600.jpeg\" alt=\"\" class=\"wp-image-12692\" srcset=\"https:\/\/mpg-do.de\/wp-content\/uploads\/2023\/09\/IMG_0615-Max-Planck-Gymnasium-Dortmund-800x600.jpeg 800w, https:\/\/mpg-do.de\/wp-content\/uploads\/2023\/09\/IMG_0615-Max-Planck-Gymnasium-Dortmund-300x225.jpeg 300w, https:\/\/mpg-do.de\/wp-content\/uploads\/2023\/09\/IMG_0615-Max-Planck-Gymnasium-Dortmund-120x90.jpeg 120w, https:\/\/mpg-do.de\/wp-content\/uploads\/2023\/09\/IMG_0615-Max-Planck-Gymnasium-Dortmund-768x576.jpeg 768w, https:\/\/mpg-do.de\/wp-content\/uploads\/2023\/09\/IMG_0615-Max-Planck-Gymnasium-Dortmund-64x48.jpeg 64w, https:\/\/mpg-do.de\/wp-content\/uploads\/2023\/09\/IMG_0615-Max-Planck-Gymnasium-Dortmund.jpeg 1280w\" sizes=\"auto, (max-width: 800px) 100vw, 800px\" \/><\/figure>\n\n\n\n<p class=\"wp-block-paragraph\">Was waren die Aufgaben als Praktikant?<\/p>\n\n\n\n<p class=\"wp-block-paragraph\">Ich habe als Praktikant im Kindergarten mit den Kindern gespielt und habe die Betten f\u00fcr&nbsp;den Mittagsschlaf der Kinder vorbereitet. Bevor die Kinder aber mittags schlafen gingen und ich und die anderen Praktikanten Pause hatten, mussten wir f\u00fcr das Mittagessen die Tische decken und schlie\u00dflich auch Essen auftun. Nachmittags nach dem Mittagsschlaf der Kinder habe ich wieder mit den Kindern gespielt und&nbsp;\u201elanche\u201c vorbereitet.&nbsp;\u201eLanche\u201c ist einfach so ein kleiner Snack zwischen Mittag- und Abendessen. Als die Kinder fertig mit dem Essen waren, habe ich noch etwas mit ihnen unternommen, bis kurz darauf die Arbeitszeit vorbei&nbsp;war.<\/p>\n\n\n\n<figure class=\"wp-block-image size-large\"><img loading=\"lazy\" decoding=\"async\" width=\"800\" height=\"600\" src=\"https:\/\/mpg-do.de\/wp-content\/uploads\/2023\/09\/IMG_5201-Max-Planck-Gymnasium-Dortmund-800x600.jpeg\" alt=\"\" class=\"wp-image-12695\" srcset=\"https:\/\/mpg-do.de\/wp-content\/uploads\/2023\/09\/IMG_5201-Max-Planck-Gymnasium-Dortmund-800x600.jpeg 800w, https:\/\/mpg-do.de\/wp-content\/uploads\/2023\/09\/IMG_5201-Max-Planck-Gymnasium-Dortmund-300x225.jpeg 300w, https:\/\/mpg-do.de\/wp-content\/uploads\/2023\/09\/IMG_5201-Max-Planck-Gymnasium-Dortmund-120x90.jpeg 120w, https:\/\/mpg-do.de\/wp-content\/uploads\/2023\/09\/IMG_5201-Max-Planck-Gymnasium-Dortmund-768x576.jpeg 768w, https:\/\/mpg-do.de\/wp-content\/uploads\/2023\/09\/IMG_5201-Max-Planck-Gymnasium-Dortmund-64x48.jpeg 64w, https:\/\/mpg-do.de\/wp-content\/uploads\/2023\/09\/IMG_5201-Max-Planck-Gymnasium-Dortmund.jpeg 1280w\" sizes=\"auto, (max-width: 800px) 100vw, 800px\" \/><\/figure>\n\n\n\n<p class=\"wp-block-paragraph\">Wie war die Arbeit trotz anderer Sprache?<\/p>\n\n\n\n<p class=\"wp-block-paragraph\">Ich fand mich trotz der anderen Sprache gut zurecht, denn ich konnte mir viel erschlie\u00dfen und wir Praktikanten haben uns gegenseitig mit der Sprache geholfen. Mit den Kindern habe ich mich mithilfe von Blickkontakt,&nbsp;\u201eH\u00e4nden und F\u00fc\u00dfen\u201c verst\u00e4ndigt. Insgesamt braucht man sich keine Sorgen wegen der anderen Sprache machen, da es immer irgendwie klappt.<\/p>\n\n\n\n<p class=\"wp-block-paragraph\">Was waren die Highlights?<\/p>\n\n\n\n<p class=\"wp-block-paragraph\">Das Beste war, die anderen Sch\u00fcler aus den Parallelklassen kennenzulernen und mit ihnen die Freizeit zu genie\u00dfen. Au\u00dferdem hat mir gefallen, die gemeinsame Freizeit zu gestalten, und auch heute ist es noch sch\u00f6n, unsere Erfahrungen auszutauschen. Ein Highlight waren auch die Ausfl\u00fcge, auf die ich sp\u00e4ter noch einmal zur\u00fcckkomme.<\/p>\n\n\n\n<figure class=\"wp-block-image size-large\"><img loading=\"lazy\" decoding=\"async\" width=\"800\" height=\"600\" src=\"https:\/\/mpg-do.de\/wp-content\/uploads\/2023\/09\/IMG_4953-Max-Planck-Gymnasium-Dortmund-800x600.jpeg\" alt=\"\" class=\"wp-image-12693\" srcset=\"https:\/\/mpg-do.de\/wp-content\/uploads\/2023\/09\/IMG_4953-Max-Planck-Gymnasium-Dortmund-800x600.jpeg 800w, https:\/\/mpg-do.de\/wp-content\/uploads\/2023\/09\/IMG_4953-Max-Planck-Gymnasium-Dortmund-300x225.jpeg 300w, https:\/\/mpg-do.de\/wp-content\/uploads\/2023\/09\/IMG_4953-Max-Planck-Gymnasium-Dortmund-120x90.jpeg 120w, https:\/\/mpg-do.de\/wp-content\/uploads\/2023\/09\/IMG_4953-Max-Planck-Gymnasium-Dortmund-768x576.jpeg 768w, https:\/\/mpg-do.de\/wp-content\/uploads\/2023\/09\/IMG_4953-Max-Planck-Gymnasium-Dortmund-64x48.jpeg 64w, https:\/\/mpg-do.de\/wp-content\/uploads\/2023\/09\/IMG_4953-Max-Planck-Gymnasium-Dortmund.jpeg 1280w\" sizes=\"auto, (max-width: 800px) 100vw, 800px\" \/><\/figure>\n\n\n\n<p class=\"wp-block-paragraph\">Wir mussten immer ein kleines St\u00fcck zur Arbeit laufen und selbst der Weg war etwas Besonderes. Nat\u00fcrlich waren der Strand und das Meer in der N\u00e4he einfach sch\u00f6n.<\/p>\n\n\n\n<p class=\"wp-block-paragraph\">Au\u00dferdem waren Frau Oliveira und Frau Costa, sowie die Erzieherinnen in dem Kindergarten sehr nett. Mich hat es auch sehr gefreut, dass die Kinder so offen waren und mich sehr schnell in ihr Herz geschlossen hatten.<\/p>\n\n\n\n<figure class=\"wp-block-image size-large\"><img loading=\"lazy\" decoding=\"async\" width=\"800\" height=\"600\" src=\"https:\/\/mpg-do.de\/wp-content\/uploads\/2023\/09\/IMG_5306-Max-Planck-Gymnasium-Dortmund-800x600.jpeg\" alt=\"\" class=\"wp-image-12696\" srcset=\"https:\/\/mpg-do.de\/wp-content\/uploads\/2023\/09\/IMG_5306-Max-Planck-Gymnasium-Dortmund-800x600.jpeg 800w, https:\/\/mpg-do.de\/wp-content\/uploads\/2023\/09\/IMG_5306-Max-Planck-Gymnasium-Dortmund-300x225.jpeg 300w, https:\/\/mpg-do.de\/wp-content\/uploads\/2023\/09\/IMG_5306-Max-Planck-Gymnasium-Dortmund-120x90.jpeg 120w, https:\/\/mpg-do.de\/wp-content\/uploads\/2023\/09\/IMG_5306-Max-Planck-Gymnasium-Dortmund-768x576.jpeg 768w, https:\/\/mpg-do.de\/wp-content\/uploads\/2023\/09\/IMG_5306-Max-Planck-Gymnasium-Dortmund-64x48.jpeg 64w, https:\/\/mpg-do.de\/wp-content\/uploads\/2023\/09\/IMG_5306-Max-Planck-Gymnasium-Dortmund.jpeg 1280w\" sizes=\"auto, (max-width: 800px) 100vw, 800px\" \/><\/figure>\n\n\n\n<p class=\"wp-block-paragraph\">Was waren die Lowlights?<\/p>\n\n\n\n<p class=\"wp-block-paragraph\">Es war sehr schade, dass die zwei Wochen Praktikum so schnell umgingen beziehungsweise dass es nur zwei Wochen waren.<\/p>\n\n\n\n<p class=\"wp-block-paragraph\">Wie waren die Ausfl\u00fcge und die Freizeit in Portugal?<\/p>\n\n\n\n<p class=\"wp-block-paragraph\">Die Ausfl\u00fcge in Portugal waren sehr sch\u00f6n. Wir waren in verschiedenen Museen Au\u00dferdem waren wir in der Stadt Nazar\u00e9, die f\u00fcr die gr\u00f6\u00dften Wellen in Europa bekannt ist. Au\u00dferdem besichtigten wir einen Leuchtturm, den wir auch betreten durften und verstanden, wie dieser funktioniert. In der Freizeit durften wir nach Lust und Laune in Dreiergruppen zum Strand gehen oder in die Innenstadt. Es war einfach toll, am Strand und durch die Gassen zu laufen.<\/p>\n\n\n\n<figure class=\"wp-block-image size-large\"><img loading=\"lazy\" decoding=\"async\" width=\"800\" height=\"600\" src=\"https:\/\/mpg-do.de\/wp-content\/uploads\/2023\/09\/IMG_5095-Max-Planck-Gymnasium-Dortmund-800x600.jpeg\" alt=\"\" class=\"wp-image-12694\" srcset=\"https:\/\/mpg-do.de\/wp-content\/uploads\/2023\/09\/IMG_5095-Max-Planck-Gymnasium-Dortmund-800x600.jpeg 800w, https:\/\/mpg-do.de\/wp-content\/uploads\/2023\/09\/IMG_5095-Max-Planck-Gymnasium-Dortmund-300x225.jpeg 300w, https:\/\/mpg-do.de\/wp-content\/uploads\/2023\/09\/IMG_5095-Max-Planck-Gymnasium-Dortmund-120x90.jpeg 120w, https:\/\/mpg-do.de\/wp-content\/uploads\/2023\/09\/IMG_5095-Max-Planck-Gymnasium-Dortmund-768x576.jpeg 768w, https:\/\/mpg-do.de\/wp-content\/uploads\/2023\/09\/IMG_5095-Max-Planck-Gymnasium-Dortmund-64x48.jpeg 64w, https:\/\/mpg-do.de\/wp-content\/uploads\/2023\/09\/IMG_5095-Max-Planck-Gymnasium-Dortmund.jpeg 1280w\" sizes=\"auto, (max-width: 800px) 100vw, 800px\" \/><\/figure>\n\n\n\n<p class=\"wp-block-paragraph\">Fazit?<\/p>\n\n\n\n<p class=\"wp-block-paragraph\">Alles in allem war dieses Praktikum richtig, richtig cool und hat meinen Horizont erweitert. Es war sch\u00f6n, die anderen Sch\u00fcler besser kennenzulernen und mit ihnen im Kindergarten zu arbeiten. Zusammen mit den anderen hatte ich sehr viel Spa\u00df und habe viele Erfahrungen geteilt. Ich w\u00fcrde dieses Praktikum gerne noch ein zweites Mal machen und jedem dieses Praktikum empfehlen, wenn er sich vorstellen kann, mit Kindern zu arbeiten. Kurz gesagt, es waren sch\u00f6ne zwei Wochen.<\/p>\n\n\n\n<p class=\"wp-block-paragraph\">Josa, 10b<\/p>\n","protected":false},"excerpt":{"rendered":"<p>Dieser Artikel handelt von dem zweiw\u00f6chigen Praktikum in Portugal, welches in der 9. Klasse angeboten wird. Ich m\u00f6chte euch gerne einen Einblick aus der Zeit des Praktikums in Portugal geben. Ich war in Portugal Praktikant in einem Kindergarten.<\/p>\n","protected":false},"author":5,"featured_media":12691,"comment_status":"closed","ping_status":"closed","sticky":false,"template":"","format":"standard","meta":{"_crdt_document":"","footnotes":""},"categories":[1],"tags":[175,180,68],"class_list":["post-12686","post","type-post","status-publish","format-standard","has-post-thumbnail","hentry","category-allgemein","tag-ausland","tag-berufsberatung","tag-portugiesisch","entry"],"_links":{"self":[{"href":"https:\/\/mpg-do.de\/index.php?rest_route=\/wp\/v2\/posts\/12686","targetHints":{"allow":["GET"]}}],"collection":[{"href":"https:\/\/mpg-do.de\/index.php?rest_route=\/wp\/v2\/posts"}],"about":[{"href":"https:\/\/mpg-do.de\/index.php?rest_route=\/wp\/v2\/types\/post"}],"author":[{"embeddable":true,"href":"https:\/\/mpg-do.de\/index.php?rest_route=\/wp\/v2\/users\/5"}],"replies":[{"embeddable":true,"href":"https:\/\/mpg-do.de\/index.php?rest_route=%2Fwp%2Fv2%2Fcomments&post=12686"}],"version-history":[{"count":2,"href":"https:\/\/mpg-do.de\/index.php?rest_route=\/wp\/v2\/posts\/12686\/revisions"}],"predecessor-version":[{"id":12714,"href":"https:\/\/mpg-do.de\/index.php?rest_route=\/wp\/v2\/posts\/12686\/revisions\/12714"}],"wp:featuredmedia":[{"embeddable":true,"href":"https:\/\/mpg-do.de\/index.php?rest_route=\/wp\/v2\/media\/12691"}],"wp:attachment":[{"href":"https:\/\/mpg-do.de\/index.php?rest_route=%2Fwp%2Fv2%2Fmedia&parent=12686"}],"wp:term":[{"taxonomy":"category","embeddable":true,"href":"https:\/\/mpg-do.de\/index.php?rest_route=%2Fwp%2Fv2%2Fcategories&post=12686"},{"taxonomy":"post_tag","embeddable":true,"href":"https:\/\/mpg-do.de\/index.php?rest_route=%2Fwp%2Fv2%2Ftags&post=12686"}],"curies":[{"name":"wp","href":"https:\/\/api.w.org\/{rel}","templated":true}]}}