{"id":12844,"date":"2023-11-13T18:51:15","date_gmt":"2023-11-13T17:51:15","guid":{"rendered":"https:\/\/mpg-do.de\/?p=12844"},"modified":"2023-11-13T18:51:15","modified_gmt":"2023-11-13T17:51:15","slug":"leckere-bretagne","status":"publish","type":"post","link":"https:\/\/mpg-do.de\/?p=12844","title":{"rendered":"Leckere Bretagne"},"content":{"rendered":"\n<p class=\"wp-block-paragraph\">Zum Abschluss der Unterrichtsreihe &#8222;La Bretagne&#8220;\u00a0 bzw. &#8222;Breizh&#8220; auf Bretonisch, hat die 7f am Mittwoch, den 25.10. leckere\u00a0<em>galettes\u00a0<\/em>gebacken, eine bretonische Spezialit\u00e4t aus Buchweizenmehl. Zu w\u00e4hlen gab es &#8222;fromage, tomate, jambon&#8220; oder die Variante &#8222;compl\u00e8te&#8220;.<\/p>\n\n\n\n<p class=\"wp-block-paragraph\">Bon appetit!&nbsp;<\/p>\n\n\n\n<!--more-->\n\n\n\n<figure class=\"wp-block-gallery has-nested-images columns-default is-cropped wp-block-gallery-1 is-layout-flex wp-block-gallery-is-layout-flex\">\n<figure class=\"wp-block-image size-large\"><img loading=\"lazy\" decoding=\"async\" width=\"489\" height=\"600\" data-id=\"12845\" src=\"https:\/\/mpg-do.de\/wp-content\/uploads\/2023\/11\/Pfanne-Max-Planck-Gymnasium-Dortmund-489x600.jpg\" alt=\"\" class=\"wp-image-12845\" srcset=\"https:\/\/mpg-do.de\/wp-content\/uploads\/2023\/11\/Pfanne-Max-Planck-Gymnasium-Dortmund-489x600.jpg 489w, https:\/\/mpg-do.de\/wp-content\/uploads\/2023\/11\/Pfanne-Max-Planck-Gymnasium-Dortmund-245x300.jpg 245w, https:\/\/mpg-do.de\/wp-content\/uploads\/2023\/11\/Pfanne-Max-Planck-Gymnasium-Dortmund-768x942.jpg 768w, https:\/\/mpg-do.de\/wp-content\/uploads\/2023\/11\/Pfanne-Max-Planck-Gymnasium-Dortmund-52x64.jpg 52w, https:\/\/mpg-do.de\/wp-content\/uploads\/2023\/11\/Pfanne-Max-Planck-Gymnasium-Dortmund.jpg 1044w\" sizes=\"auto, (max-width: 489px) 100vw, 489px\" \/><\/figure>\n\n\n\n<figure class=\"wp-block-image size-large\"><img loading=\"lazy\" decoding=\"async\" width=\"478\" height=\"600\" data-id=\"12847\" src=\"https:\/\/mpg-do.de\/wp-content\/uploads\/2023\/11\/Teller-Max-Planck-Gymnasium-Dortmund-478x600.jpg\" alt=\"\" class=\"wp-image-12847\" srcset=\"https:\/\/mpg-do.de\/wp-content\/uploads\/2023\/11\/Teller-Max-Planck-Gymnasium-Dortmund-478x600.jpg 478w, https:\/\/mpg-do.de\/wp-content\/uploads\/2023\/11\/Teller-Max-Planck-Gymnasium-Dortmund-239x300.jpg 239w, https:\/\/mpg-do.de\/wp-content\/uploads\/2023\/11\/Teller-Max-Planck-Gymnasium-Dortmund-768x964.jpg 768w, https:\/\/mpg-do.de\/wp-content\/uploads\/2023\/11\/Teller-Max-Planck-Gymnasium-Dortmund-51x64.jpg 51w, https:\/\/mpg-do.de\/wp-content\/uploads\/2023\/11\/Teller-Max-Planck-Gymnasium-Dortmund.jpg 1020w\" sizes=\"auto, (max-width: 478px) 100vw, 478px\" \/><\/figure>\n<\/figure>\n","protected":false},"excerpt":{"rendered":"<p>Zum Abschluss der Unterrichtsreihe &#8222;La Bretagne&#8220;\u00a0 bzw. &#8222;Breizh&#8220; auf Bretonisch, hat die 7f am Mittwoch, den 25.10. leckere\u00a0galettes\u00a0gebacken, eine bretonische Spezialit\u00e4t aus Buchweizenmehl. Zu w\u00e4hlen gab es &#8222;fromage, tomate, jambon&#8220; oder die Variante &#8222;compl\u00e8te&#8220;. Bon appetit!&nbsp;<\/p>\n","protected":false},"author":5,"featured_media":12846,"comment_status":"closed","ping_status":"closed","sticky":false,"template":"","format":"standard","meta":{"_crdt_document":"","footnotes":""},"categories":[1],"tags":[133],"class_list":["post-12844","post","type-post","status-publish","format-standard","has-post-thumbnail","hentry","category-allgemein","tag-franzoesisch","entry"],"_links":{"self":[{"href":"https:\/\/mpg-do.de\/index.php?rest_route=\/wp\/v2\/posts\/12844","targetHints":{"allow":["GET"]}}],"collection":[{"href":"https:\/\/mpg-do.de\/index.php?rest_route=\/wp\/v2\/posts"}],"about":[{"href":"https:\/\/mpg-do.de\/index.php?rest_route=\/wp\/v2\/types\/post"}],"author":[{"embeddable":true,"href":"https:\/\/mpg-do.de\/index.php?rest_route=\/wp\/v2\/users\/5"}],"replies":[{"embeddable":true,"href":"https:\/\/mpg-do.de\/index.php?rest_route=%2Fwp%2Fv2%2Fcomments&post=12844"}],"version-history":[{"count":2,"href":"https:\/\/mpg-do.de\/index.php?rest_route=\/wp\/v2\/posts\/12844\/revisions"}],"predecessor-version":[{"id":12853,"href":"https:\/\/mpg-do.de\/index.php?rest_route=\/wp\/v2\/posts\/12844\/revisions\/12853"}],"wp:featuredmedia":[{"embeddable":true,"href":"https:\/\/mpg-do.de\/index.php?rest_route=\/wp\/v2\/media\/12846"}],"wp:attachment":[{"href":"https:\/\/mpg-do.de\/index.php?rest_route=%2Fwp%2Fv2%2Fmedia&parent=12844"}],"wp:term":[{"taxonomy":"category","embeddable":true,"href":"https:\/\/mpg-do.de\/index.php?rest_route=%2Fwp%2Fv2%2Fcategories&post=12844"},{"taxonomy":"post_tag","embeddable":true,"href":"https:\/\/mpg-do.de\/index.php?rest_route=%2Fwp%2Fv2%2Ftags&post=12844"}],"curies":[{"name":"wp","href":"https:\/\/api.w.org\/{rel}","templated":true}]}}