{"id":12860,"date":"2023-11-03T19:14:49","date_gmt":"2023-11-03T18:14:49","guid":{"rendered":"https:\/\/mpg-do.de\/?p=12860"},"modified":"2023-11-16T22:19:33","modified_gmt":"2023-11-16T21:19:33","slug":"sommerwafa-auf-der-weser","status":"publish","type":"post","link":"https:\/\/mpg-do.de\/?p=12860","title":{"rendered":"Sommerwafa auf der Weser"},"content":{"rendered":"\n<p class=\"wp-block-paragraph\">Auch dieses Jahr ging die Ruderriege wieder auf Sommerwanderfahrt. und war vom 30.7.-5.8. auf der Weser unterwegs. Am ersten Tag sind wir in Hannoversch M\u00fcnden losgerudert, um unserem Ziel Rinteln einen Schritt n\u00e4her zu sein.\u00a0<\/p>\n\n\n\n<!--more-->\n\n\n\n<figure class=\"wp-block-image\"><img decoding=\"async\" src=\"https:\/\/ruderriege-mpg.de\/wp-content\/uploads\/2023\/11\/Kopie-von-Sommerwanderfahrt-2023-2-2048x1152.jpg\" alt=\"\" class=\"wp-image-2856\"\/><\/figure>\n\n\n\n<p class=\"wp-block-paragraph\">Zu Beginn regnete es und es war nicht sch\u00f6n, um zu rudern. Trotzdem war die Stimmung gut. Am Ende der ersten Etappe waren wir alle nass und holten schnell die Boote aus dem Wasser, um danach in einer Pension auf einem Bauernhof zu schlafen. Am Abend haben wir uns in einem Stuhlkreis zusammengesetzt und mehrere Runden Werwolf gespielt.&nbsp;<\/p>\n\n\n\n<p class=\"wp-block-paragraph\">Am Morgen haben wir gen\u00fcsslich gegessen und uns danach auf den Weg gemacht, um das n\u00e4chste Etappenziel H\u00f6xter zu erreichen.&nbsp;<\/p>\n\n\n\n<p class=\"wp-block-paragraph\">Auf dieser Etappe haben wir eine kurze Pause gemacht, wo es kurzzeitig geregnet hat. Gest\u00e4rkt haben wir dann den letzten kleinen Rest der Etappe bew\u00e4ltigt. Am Bootshaus des Ruderclubs in H\u00f6xter besuchte uns Herr Risse und brachte uns leckere Schokolade mit. Das Abendessen \u201eEmpacher\u201c genossen wir auf dem Steg.<\/p>\n\n\n\n<p class=\"wp-block-paragraph\">Nach dem Essen machten wir eine kleine Sporteinlage, die aus vielen Kniebeugen bestand. Am Abend haben wir wieder mehrere Runden Werwolf gespielt.<\/p>\n\n\n\n<p class=\"wp-block-paragraph\">Am n\u00e4chsten Morgen hat es leicht genieselt, aber das nahm uns nat\u00fcrlich nicht die Lust zu rudern. Als wir eine kleine Pause machten, hat es schon sehr gedonnert und kurz nachdem alle an Land waren, \u00fcberraschte uns ein starker Regenschauer.&nbsp;<\/p>\n\n\n\n<p class=\"wp-block-paragraph\">An unserem Zielort Bodenwerder ist abends Herr Pfeiffer mit seinen beiden T\u00f6chtern dazugesto\u00dfen und wir haben abends gegrillt. Am Morgen ruderten wir zum vorletzten Etappenziel nach Hameln. Als wir am n\u00e4chsten Tag morgens los ruderten, um die letzte Etappe der Sommerwanderfahrt zu bew\u00e4ltigen, mussten wir direkt am Anfang schleusen.<\/p>\n\n\n\n<p class=\"wp-block-paragraph\">Diese letzte Etappe war recht schnell beendet und alle waren froh, es geschafft zu haben. An unserem Ziel Rinteln haben wie zun\u00e4chst die Boote auf den H\u00e4nger geladen. Als wir fertig waren, wurden Julia und Thea getauft.&nbsp;<\/p>\n\n\n\n<figure class=\"wp-block-image\"><img decoding=\"async\" src=\"https:\/\/ruderriege-mpg.de\/wp-content\/uploads\/2023\/11\/Kopie-von-Sommerwanderfahrt-2023-3-edited-3-scaled.jpg\" alt=\"\" class=\"wp-image-2861\"\/><\/figure>\n\n\n\n<p class=\"wp-block-paragraph\">Am Abend sind wir bei einem Italiener essen gegangen und am Morgen sind wir dann von Rinteln nach Dortmund aufgebrochen.<\/p>\n\n\n\n<p class=\"wp-block-paragraph\">Geschrieben von Torben<\/p>\n","protected":false},"excerpt":{"rendered":"<p>Auch dieses Jahr ging die Ruderriege wieder auf Sommerwanderfahrt. und war vom 30.7.-5.8. auf der Weser unterwegs. Am ersten Tag sind wir in Hannoversch M\u00fcnden losgerudert, um unserem Ziel Rinteln einen Schritt n\u00e4her zu sein.\u00a0<\/p>\n","protected":false},"author":5,"featured_media":12861,"comment_status":"closed","ping_status":"closed","sticky":false,"template":"","format":"standard","meta":{"_crdt_document":"","footnotes":""},"categories":[1],"tags":[96,57],"class_list":["post-12860","post","type-post","status-publish","format-standard","has-post-thumbnail","hentry","category-allgemein","tag-rudern","tag-sport","entry"],"_links":{"self":[{"href":"https:\/\/mpg-do.de\/index.php?rest_route=\/wp\/v2\/posts\/12860","targetHints":{"allow":["GET"]}}],"collection":[{"href":"https:\/\/mpg-do.de\/index.php?rest_route=\/wp\/v2\/posts"}],"about":[{"href":"https:\/\/mpg-do.de\/index.php?rest_route=\/wp\/v2\/types\/post"}],"author":[{"embeddable":true,"href":"https:\/\/mpg-do.de\/index.php?rest_route=\/wp\/v2\/users\/5"}],"replies":[{"embeddable":true,"href":"https:\/\/mpg-do.de\/index.php?rest_route=%2Fwp%2Fv2%2Fcomments&post=12860"}],"version-history":[{"count":1,"href":"https:\/\/mpg-do.de\/index.php?rest_route=\/wp\/v2\/posts\/12860\/revisions"}],"predecessor-version":[{"id":12862,"href":"https:\/\/mpg-do.de\/index.php?rest_route=\/wp\/v2\/posts\/12860\/revisions\/12862"}],"wp:featuredmedia":[{"embeddable":true,"href":"https:\/\/mpg-do.de\/index.php?rest_route=\/wp\/v2\/media\/12861"}],"wp:attachment":[{"href":"https:\/\/mpg-do.de\/index.php?rest_route=%2Fwp%2Fv2%2Fmedia&parent=12860"}],"wp:term":[{"taxonomy":"category","embeddable":true,"href":"https:\/\/mpg-do.de\/index.php?rest_route=%2Fwp%2Fv2%2Fcategories&post=12860"},{"taxonomy":"post_tag","embeddable":true,"href":"https:\/\/mpg-do.de\/index.php?rest_route=%2Fwp%2Fv2%2Ftags&post=12860"}],"curies":[{"name":"wp","href":"https:\/\/api.w.org\/{rel}","templated":true}]}}