{"id":12894,"date":"2023-11-17T23:34:40","date_gmt":"2023-11-17T22:34:40","guid":{"rendered":"https:\/\/mpg-do.de\/?p=12894"},"modified":"2023-11-17T23:34:41","modified_gmt":"2023-11-17T22:34:41","slug":"abrudern-2023","status":"publish","type":"post","link":"https:\/\/mpg-do.de\/?p=12894","title":{"rendered":"Abrudern 2023"},"content":{"rendered":"\n<p class=\"wp-block-paragraph\">Man merkt erst richtig, wie schnell sich die Rudersaison dem Ende neigt, wenn der Ruf zum Abrudern durch die Ruderriege schallt und es hei\u00dft, einen netten Saisonausklang zu finden.&nbsp;<\/p>\n\n\n\n<!--more-->\n\n\n\n<p class=\"wp-block-paragraph\">Auch dieses Jahr ging es am 1. November wieder traditionell rudernder Weise nach Henrichenburg. Wir waren mit zehn motivierten Ruderinnen und Ruderern am Start, was uns die Gelegenheit gab, unseren Achter zu Wasser zu lassen und zus\u00e4tzlich zur Stammbesatzung mit einem Bugschwein bemannt den Weg anzutreten. Dieses Jahr ist das erste, ohne die au\u00dferordentlich leckere Erbsensuppe von Frau Risse in Henrichenburg. Damit wir nicht mit leeren B\u00e4uchen zur\u00fcckrudern mussten, hat Herr Pfeiffer kurzerhand das Zepter \u00fcbernommen und eine k\u00f6stliche \u201echili con carne\u201c vorbereitet, die vor Ort aufgew\u00e4rmt und restlos verspeist worden ist. Gut gest\u00e4rkt ging es dann bei angenehm k\u00fchlem Herbstwetter zur\u00fcck Richtung Bootshaus \u2013 leider mit sehr d\u00fcrftiger musikalischer Untermalung.&nbsp;<\/p>\n\n\n\n<figure class=\"wp-block-image size-large\"><img loading=\"lazy\" decoding=\"async\" width=\"800\" height=\"600\" src=\"https:\/\/mpg-do.de\/wp-content\/uploads\/2023\/11\/Abrudern-2023-Max-Planck-Gymnasium-Dortmund-800x600.jpeg\" alt=\"\" class=\"wp-image-12895\" srcset=\"https:\/\/mpg-do.de\/wp-content\/uploads\/2023\/11\/Abrudern-2023-Max-Planck-Gymnasium-Dortmund-800x600.jpeg 800w, https:\/\/mpg-do.de\/wp-content\/uploads\/2023\/11\/Abrudern-2023-Max-Planck-Gymnasium-Dortmund-300x225.jpeg 300w, https:\/\/mpg-do.de\/wp-content\/uploads\/2023\/11\/Abrudern-2023-Max-Planck-Gymnasium-Dortmund-120x90.jpeg 120w, https:\/\/mpg-do.de\/wp-content\/uploads\/2023\/11\/Abrudern-2023-Max-Planck-Gymnasium-Dortmund-768x576.jpeg 768w, https:\/\/mpg-do.de\/wp-content\/uploads\/2023\/11\/Abrudern-2023-Max-Planck-Gymnasium-Dortmund-64x48.jpeg 64w, https:\/\/mpg-do.de\/wp-content\/uploads\/2023\/11\/Abrudern-2023-Max-Planck-Gymnasium-Dortmund.jpeg 1280w\" sizes=\"auto, (max-width: 800px) 100vw, 800px\" \/><\/figure>\n\n\n\n<p class=\"wp-block-paragraph\">Auch dieses Jahr war es wieder einmal sehr bereichernd, dem Abrudern beigewohnt zu haben, was sicherlich auch an dem erfreulichen Besuch unserer Teilnehmer aus der Ehemaligenfraktion Bene und Holger lag, die f\u00fcr beste Stimmung sorgen konnten. Wir freuen uns auf das kommende Ruderjahr und auch auf ein weiteres Abrudern, vorausgesetzt Herr Pfeiffer bringt sein \u201echili con (und auch \u201esine\u201c) carne\u201c mit und g\u00f6nnen uns jetzt erstmal ein wenig Pause vom Freitagsrudern.&nbsp;&nbsp;<\/p>\n\n\n\n<p class=\"wp-block-paragraph\">Jacob R.<\/p>\n","protected":false},"excerpt":{"rendered":"<p>Man merkt erst richtig, wie schnell sich die Rudersaison dem Ende neigt, wenn der Ruf zum Abrudern durch die Ruderriege schallt und es hei\u00dft, einen netten Saisonausklang zu finden.&nbsp;<\/p>\n","protected":false},"author":5,"featured_media":12857,"comment_status":"closed","ping_status":"closed","sticky":false,"template":"","format":"standard","meta":{"_crdt_document":"","footnotes":""},"categories":[1],"tags":[96,57],"class_list":["post-12894","post","type-post","status-publish","format-standard","has-post-thumbnail","hentry","category-allgemein","tag-rudern","tag-sport","entry"],"_links":{"self":[{"href":"https:\/\/mpg-do.de\/index.php?rest_route=\/wp\/v2\/posts\/12894","targetHints":{"allow":["GET"]}}],"collection":[{"href":"https:\/\/mpg-do.de\/index.php?rest_route=\/wp\/v2\/posts"}],"about":[{"href":"https:\/\/mpg-do.de\/index.php?rest_route=\/wp\/v2\/types\/post"}],"author":[{"embeddable":true,"href":"https:\/\/mpg-do.de\/index.php?rest_route=\/wp\/v2\/users\/5"}],"replies":[{"embeddable":true,"href":"https:\/\/mpg-do.de\/index.php?rest_route=%2Fwp%2Fv2%2Fcomments&post=12894"}],"version-history":[{"count":1,"href":"https:\/\/mpg-do.de\/index.php?rest_route=\/wp\/v2\/posts\/12894\/revisions"}],"predecessor-version":[{"id":12896,"href":"https:\/\/mpg-do.de\/index.php?rest_route=\/wp\/v2\/posts\/12894\/revisions\/12896"}],"wp:featuredmedia":[{"embeddable":true,"href":"https:\/\/mpg-do.de\/index.php?rest_route=\/wp\/v2\/media\/12857"}],"wp:attachment":[{"href":"https:\/\/mpg-do.de\/index.php?rest_route=%2Fwp%2Fv2%2Fmedia&parent=12894"}],"wp:term":[{"taxonomy":"category","embeddable":true,"href":"https:\/\/mpg-do.de\/index.php?rest_route=%2Fwp%2Fv2%2Fcategories&post=12894"},{"taxonomy":"post_tag","embeddable":true,"href":"https:\/\/mpg-do.de\/index.php?rest_route=%2Fwp%2Fv2%2Ftags&post=12894"}],"curies":[{"name":"wp","href":"https:\/\/api.w.org\/{rel}","templated":true}]}}