{"id":12939,"date":"2023-11-24T17:44:49","date_gmt":"2023-11-24T16:44:49","guid":{"rendered":"https:\/\/mpg-do.de\/?p=12939"},"modified":"2023-11-26T08:46:41","modified_gmt":"2023-11-26T07:46:41","slug":"blaeserklasse-begleitet-martinszug","status":"publish","type":"post","link":"https:\/\/mpg-do.de\/?p=12939","title":{"rendered":"Bl\u00e4serklasse begleitet Martinszug"},"content":{"rendered":"\n<p class=\"wp-block-paragraph\">Nass war&#8217;s &#8211; sch\u00f6n war&#8217;s.<\/p>\n\n\n\n<p class=\"wp-block-paragraph\">Am 10. November hatte unsere Bl\u00e4serklasse 6b einen Auftritt an der Olpketalschule. Seit \u00fcber 15 Jahren \u00fcbernimmt Herr Ludwig dort mit seiner Klasse die musikalische Gestaltung des Martinsspiels. Zwar war in diesem Jahr kein reitender Martin dabei, aber Sch\u00fcler_innen haben die Martinsgeschichte vorgetragen und dazu haben unsere Kinder Martinslieder gespielt. <\/p>\n\n\n\n<!--more-->\n\n\n\n<figure class=\"wp-block-gallery has-nested-images columns-default is-cropped wp-block-gallery-1 is-layout-flex wp-block-gallery-is-layout-flex\">\n<figure class=\"wp-block-image size-large\"><a href=\"https:\/\/mpg-do.de\/wp-content\/uploads\/2023\/11\/Blaeserklasse-Martinszug-Klarinetten-Max-Planck-Gymnasium-Dortmund.jpeg\"><img loading=\"lazy\" decoding=\"async\" width=\"800\" height=\"600\" data-id=\"12942\" src=\"https:\/\/mpg-do.de\/wp-content\/uploads\/2023\/11\/Blaeserklasse-Martinszug-Klarinetten-Max-Planck-Gymnasium-Dortmund-800x600.jpeg\" alt=\"\" class=\"wp-image-12942\" srcset=\"https:\/\/mpg-do.de\/wp-content\/uploads\/2023\/11\/Blaeserklasse-Martinszug-Klarinetten-Max-Planck-Gymnasium-Dortmund-800x600.jpeg 800w, https:\/\/mpg-do.de\/wp-content\/uploads\/2023\/11\/Blaeserklasse-Martinszug-Klarinetten-Max-Planck-Gymnasium-Dortmund-300x225.jpeg 300w, https:\/\/mpg-do.de\/wp-content\/uploads\/2023\/11\/Blaeserklasse-Martinszug-Klarinetten-Max-Planck-Gymnasium-Dortmund-120x90.jpeg 120w, https:\/\/mpg-do.de\/wp-content\/uploads\/2023\/11\/Blaeserklasse-Martinszug-Klarinetten-Max-Planck-Gymnasium-Dortmund-768x576.jpeg 768w, https:\/\/mpg-do.de\/wp-content\/uploads\/2023\/11\/Blaeserklasse-Martinszug-Klarinetten-Max-Planck-Gymnasium-Dortmund-64x48.jpeg 64w, https:\/\/mpg-do.de\/wp-content\/uploads\/2023\/11\/Blaeserklasse-Martinszug-Klarinetten-Max-Planck-Gymnasium-Dortmund.jpeg 1280w\" sizes=\"auto, (max-width: 800px) 100vw, 800px\" \/><\/a><\/figure>\n\n\n\n<figure class=\"wp-block-image size-large\"><a href=\"https:\/\/mpg-do.de\/wp-content\/uploads\/2023\/11\/Blaeserklasse-Martinszug-Blech-Max-Planck-Gymnasium-Dortmund.png\"><img loading=\"lazy\" decoding=\"async\" width=\"805\" height=\"600\" data-id=\"12940\" src=\"https:\/\/mpg-do.de\/wp-content\/uploads\/2023\/11\/Blaeserklasse-Martinszug-Blech-Max-Planck-Gymnasium-Dortmund-805x600.png\" alt=\"\" class=\"wp-image-12940\" srcset=\"https:\/\/mpg-do.de\/wp-content\/uploads\/2023\/11\/Blaeserklasse-Martinszug-Blech-Max-Planck-Gymnasium-Dortmund-805x600.png 805w, https:\/\/mpg-do.de\/wp-content\/uploads\/2023\/11\/Blaeserklasse-Martinszug-Blech-Max-Planck-Gymnasium-Dortmund-300x224.png 300w, https:\/\/mpg-do.de\/wp-content\/uploads\/2023\/11\/Blaeserklasse-Martinszug-Blech-Max-Planck-Gymnasium-Dortmund-120x90.png 120w, https:\/\/mpg-do.de\/wp-content\/uploads\/2023\/11\/Blaeserklasse-Martinszug-Blech-Max-Planck-Gymnasium-Dortmund-768x572.png 768w, https:\/\/mpg-do.de\/wp-content\/uploads\/2023\/11\/Blaeserklasse-Martinszug-Blech-Max-Planck-Gymnasium-Dortmund-64x48.png 64w, https:\/\/mpg-do.de\/wp-content\/uploads\/2023\/11\/Blaeserklasse-Martinszug-Blech-Max-Planck-Gymnasium-Dortmund.png 1280w\" sizes=\"auto, (max-width: 805px) 100vw, 805px\" \/><\/a><\/figure>\n\n\n\n<figure class=\"wp-block-image size-large\"><a href=\"https:\/\/mpg-do.de\/wp-content\/uploads\/2023\/11\/Blaeserklasse-Martinszug-Floeten-Max-Planck-Gymnasium-Dortmund.jpeg\"><img loading=\"lazy\" decoding=\"async\" width=\"800\" height=\"600\" data-id=\"12941\" src=\"https:\/\/mpg-do.de\/wp-content\/uploads\/2023\/11\/Blaeserklasse-Martinszug-Floeten-Max-Planck-Gymnasium-Dortmund-800x600.jpeg\" alt=\"\" class=\"wp-image-12941\" srcset=\"https:\/\/mpg-do.de\/wp-content\/uploads\/2023\/11\/Blaeserklasse-Martinszug-Floeten-Max-Planck-Gymnasium-Dortmund-800x600.jpeg 800w, https:\/\/mpg-do.de\/wp-content\/uploads\/2023\/11\/Blaeserklasse-Martinszug-Floeten-Max-Planck-Gymnasium-Dortmund-300x225.jpeg 300w, https:\/\/mpg-do.de\/wp-content\/uploads\/2023\/11\/Blaeserklasse-Martinszug-Floeten-Max-Planck-Gymnasium-Dortmund-120x90.jpeg 120w, https:\/\/mpg-do.de\/wp-content\/uploads\/2023\/11\/Blaeserklasse-Martinszug-Floeten-Max-Planck-Gymnasium-Dortmund-768x576.jpeg 768w, https:\/\/mpg-do.de\/wp-content\/uploads\/2023\/11\/Blaeserklasse-Martinszug-Floeten-Max-Planck-Gymnasium-Dortmund-64x48.jpeg 64w, https:\/\/mpg-do.de\/wp-content\/uploads\/2023\/11\/Blaeserklasse-Martinszug-Floeten-Max-Planck-Gymnasium-Dortmund.jpeg 1280w\" sizes=\"auto, (max-width: 800px) 100vw, 800px\" \/><\/a><\/figure>\n\n\n\n<figure class=\"wp-block-image size-large\"><a href=\"https:\/\/mpg-do.de\/wp-content\/uploads\/2023\/11\/Blaeserklasse-Martinszug-Saxophone-Max-Planck-Gymnasium-Dortmund.png\"><img loading=\"lazy\" decoding=\"async\" width=\"803\" height=\"600\" data-id=\"12943\" src=\"https:\/\/mpg-do.de\/wp-content\/uploads\/2023\/11\/Blaeserklasse-Martinszug-Saxophone-Max-Planck-Gymnasium-Dortmund-803x600.png\" alt=\"\" class=\"wp-image-12943\" srcset=\"https:\/\/mpg-do.de\/wp-content\/uploads\/2023\/11\/Blaeserklasse-Martinszug-Saxophone-Max-Planck-Gymnasium-Dortmund-803x600.png 803w, https:\/\/mpg-do.de\/wp-content\/uploads\/2023\/11\/Blaeserklasse-Martinszug-Saxophone-Max-Planck-Gymnasium-Dortmund-300x224.png 300w, https:\/\/mpg-do.de\/wp-content\/uploads\/2023\/11\/Blaeserklasse-Martinszug-Saxophone-Max-Planck-Gymnasium-Dortmund-120x90.png 120w, https:\/\/mpg-do.de\/wp-content\/uploads\/2023\/11\/Blaeserklasse-Martinszug-Saxophone-Max-Planck-Gymnasium-Dortmund-768x574.png 768w, https:\/\/mpg-do.de\/wp-content\/uploads\/2023\/11\/Blaeserklasse-Martinszug-Saxophone-Max-Planck-Gymnasium-Dortmund-64x48.png 64w, https:\/\/mpg-do.de\/wp-content\/uploads\/2023\/11\/Blaeserklasse-Martinszug-Saxophone-Max-Planck-Gymnasium-Dortmund.png 1280w\" sizes=\"auto, (max-width: 803px) 100vw, 803px\" \/><\/a><\/figure>\n<\/figure>\n\n\n\n<p class=\"wp-block-paragraph\">Von der regnerischen Witterung hat die 6b sich nicht beeindrucken lassen und am Ende waren die Pf\u00fctzen in der Tuba auch gar nicht so gro\u00df wie vorher erwartet. Zur Abrundung des Abend bekamen alle noch eine Martinsbrezel und waren rundum zufrieden.<\/p>\n\n\n\n<figure class=\"wp-block-image size-large\"><img loading=\"lazy\" decoding=\"async\" width=\"800\" height=\"600\" src=\"https:\/\/mpg-do.de\/wp-content\/uploads\/2023\/11\/Blaeserklasse-Martinszug-Tuben-Max-Planck-Gymnasium-Dortmund-800x600.jpeg\" alt=\"\" class=\"wp-image-12944\" srcset=\"https:\/\/mpg-do.de\/wp-content\/uploads\/2023\/11\/Blaeserklasse-Martinszug-Tuben-Max-Planck-Gymnasium-Dortmund-800x600.jpeg 800w, https:\/\/mpg-do.de\/wp-content\/uploads\/2023\/11\/Blaeserklasse-Martinszug-Tuben-Max-Planck-Gymnasium-Dortmund-300x225.jpeg 300w, https:\/\/mpg-do.de\/wp-content\/uploads\/2023\/11\/Blaeserklasse-Martinszug-Tuben-Max-Planck-Gymnasium-Dortmund-120x90.jpeg 120w, https:\/\/mpg-do.de\/wp-content\/uploads\/2023\/11\/Blaeserklasse-Martinszug-Tuben-Max-Planck-Gymnasium-Dortmund-768x576.jpeg 768w, https:\/\/mpg-do.de\/wp-content\/uploads\/2023\/11\/Blaeserklasse-Martinszug-Tuben-Max-Planck-Gymnasium-Dortmund-64x48.jpeg 64w, https:\/\/mpg-do.de\/wp-content\/uploads\/2023\/11\/Blaeserklasse-Martinszug-Tuben-Max-Planck-Gymnasium-Dortmund.jpeg 1280w\" sizes=\"auto, (max-width: 800px) 100vw, 800px\" \/><\/figure>\n","protected":false},"excerpt":{"rendered":"<p>Nass war&#8217;s &#8211; sch\u00f6n war&#8217;s. Am 10. November hatte unsere Bl\u00e4serklasse 6b einen Auftritt an der Olpketalschule. Seit \u00fcber 15 Jahren \u00fcbernimmt Herr Ludwig dort mit seiner Klasse die musikalische Gestaltung des Martinsspiels. Zwar war in diesem Jahr kein reitender Martin dabei, aber Sch\u00fcler_innen haben die Martinsgeschichte vorgetragen und dazu haben unsere Kinder Martinslieder gespielt.<\/p>\n","protected":false},"author":5,"featured_media":12945,"comment_status":"closed","ping_status":"closed","sticky":false,"template":"","format":"standard","meta":{"_crdt_document":"","footnotes":""},"categories":[1],"tags":[167,76],"class_list":["post-12939","post","type-post","status-publish","format-standard","has-post-thumbnail","hentry","category-allgemein","tag-blaeserklasse","tag-musik","entry"],"_links":{"self":[{"href":"https:\/\/mpg-do.de\/index.php?rest_route=\/wp\/v2\/posts\/12939","targetHints":{"allow":["GET"]}}],"collection":[{"href":"https:\/\/mpg-do.de\/index.php?rest_route=\/wp\/v2\/posts"}],"about":[{"href":"https:\/\/mpg-do.de\/index.php?rest_route=\/wp\/v2\/types\/post"}],"author":[{"embeddable":true,"href":"https:\/\/mpg-do.de\/index.php?rest_route=\/wp\/v2\/users\/5"}],"replies":[{"embeddable":true,"href":"https:\/\/mpg-do.de\/index.php?rest_route=%2Fwp%2Fv2%2Fcomments&post=12939"}],"version-history":[{"count":3,"href":"https:\/\/mpg-do.de\/index.php?rest_route=\/wp\/v2\/posts\/12939\/revisions"}],"predecessor-version":[{"id":12977,"href":"https:\/\/mpg-do.de\/index.php?rest_route=\/wp\/v2\/posts\/12939\/revisions\/12977"}],"wp:featuredmedia":[{"embeddable":true,"href":"https:\/\/mpg-do.de\/index.php?rest_route=\/wp\/v2\/media\/12945"}],"wp:attachment":[{"href":"https:\/\/mpg-do.de\/index.php?rest_route=%2Fwp%2Fv2%2Fmedia&parent=12939"}],"wp:term":[{"taxonomy":"category","embeddable":true,"href":"https:\/\/mpg-do.de\/index.php?rest_route=%2Fwp%2Fv2%2Fcategories&post=12939"},{"taxonomy":"post_tag","embeddable":true,"href":"https:\/\/mpg-do.de\/index.php?rest_route=%2Fwp%2Fv2%2Ftags&post=12939"}],"curies":[{"name":"wp","href":"https:\/\/api.w.org\/{rel}","templated":true}]}}