{"id":12994,"date":"2023-12-02T12:37:11","date_gmt":"2023-12-02T11:37:11","guid":{"rendered":"https:\/\/mpg-do.de\/?p=12994"},"modified":"2023-12-02T15:05:53","modified_gmt":"2023-12-02T14:05:53","slug":"gruss-zum-advent","status":"publish","type":"post","link":"https:\/\/mpg-do.de\/?p=12994","title":{"rendered":"Gru\u00df zum Advent"},"content":{"rendered":"\n<p class=\"has-text-align-right wp-block-paragraph\"><em>Die Zukunft soll man nicht voraussehen wollen, sondern m\u00f6glich machen. <\/em><br><em>(Antoine de Saint-Exup\u00e9ry)<\/em><\/p>\n\n\n\n<p class=\"wp-block-paragraph\">Dortmund, im Dezember 2023<\/p>\n\n\n\n<p class=\"wp-block-paragraph\">Eine besinnliche Adventszeit, frohe Weihnachten und alles Gute f\u00fcr das Jahr 2024&nbsp;\u2013&nbsp;das w\u00fcnsche ich Ihnen und euch in diesen Zeiten.<\/p>\n\n\n\n<!--more-->\n\n\n\n<p class=\"wp-block-paragraph\">Zukunft&nbsp;\u2013&nbsp;schon jetzt ist sie da, wenn auch noch nicht vollumf\u00e4nglich.<br>Zukunft&nbsp;\u2013&nbsp;heute und an jedem neuen Tag bauen wir an ihr.<br>Zukunft&nbsp;\u2013&nbsp;Frieden in der Welt, L\u00f6sungen f\u00fcr den Klimawandel, weltweite Verantwortung, Begegnungen, Achtsamkeit f\u00fcr das je eigene Leben, daf\u00fcr in der Gegenwart die Basis f\u00fcr die Zukunft zu schaffen, das ist die Herausforderung.<\/p>\n\n\n\n<figure class=\"wp-block-image size-large\"><img loading=\"lazy\" decoding=\"async\" width=\"829\" height=\"600\" src=\"https:\/\/mpg-do.de\/wp-content\/uploads\/2023\/12\/Gruss-Advent-2023-Max-Planck-Gymnasium-Dortmund-829x600.png\" alt=\"\" class=\"wp-image-12996\" srcset=\"https:\/\/mpg-do.de\/wp-content\/uploads\/2023\/12\/Gruss-Advent-2023-Max-Planck-Gymnasium-Dortmund-829x600.png 829w, https:\/\/mpg-do.de\/wp-content\/uploads\/2023\/12\/Gruss-Advent-2023-Max-Planck-Gymnasium-Dortmund-300x217.png 300w, https:\/\/mpg-do.de\/wp-content\/uploads\/2023\/12\/Gruss-Advent-2023-Max-Planck-Gymnasium-Dortmund-768x556.png 768w, https:\/\/mpg-do.de\/wp-content\/uploads\/2023\/12\/Gruss-Advent-2023-Max-Planck-Gymnasium-Dortmund-64x46.png 64w, https:\/\/mpg-do.de\/wp-content\/uploads\/2023\/12\/Gruss-Advent-2023-Max-Planck-Gymnasium-Dortmund.png 1280w\" sizes=\"auto, (max-width: 829px) 100vw, 829px\" \/><figcaption class=\"wp-element-caption\"><em>Max S. (8f), Marker auf Papier, 21,5 x 29,5 cm, 2023, Fachlehrerin: Frau Reis<\/em><\/figcaption><\/figure>\n\n\n\n<p class=\"wp-block-paragraph\">Ich danke f\u00fcr die Zusammenarbeit und das entgegengebrachte Vertrauen im sich neigenden Jahr. Viele Herausforderungen galt es zu meistern. Ich bin beeindruckt von Ihrem und eurem vielf\u00e4ltigen Engagement, dem Innovationsverm\u00f6gen und der Tatkraft im Gro\u00dfen und im Kleinen. Ich freue mich auf die weitere Kooperation und Gestaltung des Schullebens.<\/p>\n\n\n\n<p class=\"wp-block-paragraph\"><strong>MPG&nbsp;<\/strong>\u2013&nbsp;<strong>M<\/strong>iteinander&nbsp;<strong>P<\/strong>erspektiven&nbsp;<strong>G<\/strong>ewinnen <\/p>\n\n\n\n<p class=\"wp-block-paragraph\">In diesem Sinne beste Gr\u00fc\u00dfe<\/p>\n\n\n\n<p class=\"wp-block-paragraph\">Ute Tometten<\/p>\n","protected":false},"excerpt":{"rendered":"<p>Die Zukunft soll man nicht voraussehen wollen, sondern m\u00f6glich machen. (Antoine de Saint-Exup\u00e9ry) Dortmund, im Dezember 2023 Eine besinnliche Adventszeit, frohe Weihnachten und alles Gute f\u00fcr das Jahr 2024&nbsp;\u2013&nbsp;das w\u00fcnsche ich Ihnen und euch in diesen Zeiten.<\/p>\n","protected":false},"author":5,"featured_media":12995,"comment_status":"closed","ping_status":"closed","sticky":false,"template":"","format":"standard","meta":{"_crdt_document":"","footnotes":""},"categories":[1],"tags":[194],"class_list":["post-12994","post","type-post","status-publish","format-standard","has-post-thumbnail","hentry","category-allgemein","tag-kunst","entry"],"_links":{"self":[{"href":"https:\/\/mpg-do.de\/index.php?rest_route=\/wp\/v2\/posts\/12994","targetHints":{"allow":["GET"]}}],"collection":[{"href":"https:\/\/mpg-do.de\/index.php?rest_route=\/wp\/v2\/posts"}],"about":[{"href":"https:\/\/mpg-do.de\/index.php?rest_route=\/wp\/v2\/types\/post"}],"author":[{"embeddable":true,"href":"https:\/\/mpg-do.de\/index.php?rest_route=\/wp\/v2\/users\/5"}],"replies":[{"embeddable":true,"href":"https:\/\/mpg-do.de\/index.php?rest_route=%2Fwp%2Fv2%2Fcomments&post=12994"}],"version-history":[{"count":3,"href":"https:\/\/mpg-do.de\/index.php?rest_route=\/wp\/v2\/posts\/12994\/revisions"}],"predecessor-version":[{"id":13001,"href":"https:\/\/mpg-do.de\/index.php?rest_route=\/wp\/v2\/posts\/12994\/revisions\/13001"}],"wp:featuredmedia":[{"embeddable":true,"href":"https:\/\/mpg-do.de\/index.php?rest_route=\/wp\/v2\/media\/12995"}],"wp:attachment":[{"href":"https:\/\/mpg-do.de\/index.php?rest_route=%2Fwp%2Fv2%2Fmedia&parent=12994"}],"wp:term":[{"taxonomy":"category","embeddable":true,"href":"https:\/\/mpg-do.de\/index.php?rest_route=%2Fwp%2Fv2%2Fcategories&post=12994"},{"taxonomy":"post_tag","embeddable":true,"href":"https:\/\/mpg-do.de\/index.php?rest_route=%2Fwp%2Fv2%2Ftags&post=12994"}],"curies":[{"name":"wp","href":"https:\/\/api.w.org\/{rel}","templated":true}]}}