{"id":13252,"date":"2024-05-08T21:07:38","date_gmt":"2024-05-08T19:07:38","guid":{"rendered":"https:\/\/mpg-do.de\/?p=13252"},"modified":"2024-06-11T16:57:37","modified_gmt":"2024-06-11T14:57:37","slug":"podiumsdiskussion-zur-europawahl","status":"publish","type":"post","link":"https:\/\/mpg-do.de\/?p=13252","title":{"rendered":"Podiumsdiskussion zur Europawahl"},"content":{"rendered":"\r\n<p class=\"wp-block-paragraph\">Anl\u00e4sslich der bevorstehen Europawahl ging es f\u00fcr die Sch\u00fclerinnen und Sch\u00fcler der 10d am 30.4.2024 zum Fritz-Hen\u00dfler-Haus, wo sie eine interaktive Podiumsdiskussion mit und zwischen Vertreter_innen der demokratischen Parteien erwartete.\u00a0<\/p>\r\n\r\n\r\n\r\n<p><!--more--><\/p>\r\n\r\n\r\n\r\n<p class=\"wp-block-paragraph\">Bevor die Pl\u00e4tze im Saal eingenommen wurden, hatten wir die Gelegenheit, informative Angebote im Umfeld des Hauses wahrzunehmen und unsere Kenntnisse rund um Europa und die EU unter Beweis zu stellen. Wer etwa wusste, wie viele Sterne die Flagge der EU tr\u00e4gt oder wie viele deutsche Gesandte im europ\u00e4ischen Parlament vertreten sind, durfte sich \u00fcber USB-Sticks oder Socken im EU-Look freuen.\u00a0<\/p>\r\n\r\n\r\n\r\n<p class=\"wp-block-paragraph\">Mit unseren Gewinnen im Rucksack verstaut, ging es nun in den Saal, wo kurze Zeit sp\u00e4ter zwei Moderatorinnen des Jugendrings Dortmund die G\u00e4ste sowie das Diskussionsformat vorstellten. Auf das Podium geladen waren die Kandidat_innen Dr. Tobias Cremer (SPD), \u00d6zlem Alev Demirel (Die Linke), Terry Reintke (B\u00fcndnis90\/Die Gr\u00fcnen) und Thomas Schneider (FDP) sowie Dennis Radtke (CDU), der allerdings kurzfristig vorher absagen musste.<\/p>\r\n\r\n\r\n\r\n<figure class=\"wp-block-image size-large\"><img loading=\"lazy\" decoding=\"async\" width=\"801\" height=\"600\" class=\"wp-image-13265\" src=\"https:\/\/mpg-do.de\/wp-content\/uploads\/2024\/05\/Meet-Your-Europakandidatin-cast-Max-Planck-Gymnasium-Dortmund-801x600.jpeg\" alt=\"\" srcset=\"https:\/\/mpg-do.de\/wp-content\/uploads\/2024\/05\/Meet-Your-Europakandidatin-cast-Max-Planck-Gymnasium-Dortmund-801x600.jpeg 801w, https:\/\/mpg-do.de\/wp-content\/uploads\/2024\/05\/Meet-Your-Europakandidatin-cast-Max-Planck-Gymnasium-Dortmund-300x225.jpeg 300w, https:\/\/mpg-do.de\/wp-content\/uploads\/2024\/05\/Meet-Your-Europakandidatin-cast-Max-Planck-Gymnasium-Dortmund-120x90.jpeg 120w, https:\/\/mpg-do.de\/wp-content\/uploads\/2024\/05\/Meet-Your-Europakandidatin-cast-Max-Planck-Gymnasium-Dortmund-768x575.jpeg 768w, https:\/\/mpg-do.de\/wp-content\/uploads\/2024\/05\/Meet-Your-Europakandidatin-cast-Max-Planck-Gymnasium-Dortmund-64x48.jpeg 64w, https:\/\/mpg-do.de\/wp-content\/uploads\/2024\/05\/Meet-Your-Europakandidatin-cast-Max-Planck-Gymnasium-Dortmund.jpeg 1280w\" sizes=\"auto, (max-width: 801px) 100vw, 801px\" \/><\/figure>\r\n\r\n\r\n\r\n<p class=\"wp-block-paragraph\">Der Schlagabtausch der Politiker_innen hat sich insgesamt \u00fcber vier Themenbl\u00f6cke erstreckt, die an vielen Stellen jugendpolitische Belange ber\u00fchrt haben. Den Auftakt machte die Frage, welche klima- und umweltpolitischen Ma\u00dfnahmen es braucht, um die gesellschaftliche Transformation hin zur Klimaneutralit\u00e4t zu bew\u00e4ltigen. Unmittelbar damit waren auch Fragen der Finanzierung und der sozialen Gerechtigkeit verbunden, die im Zentrum des zweiten Themenblockes standen. Nicht weniger kontrovers war das Wortgefecht zu den Politikfeldern Krieg und Frieden und Migration, die das junge Publikum besonders stark bewegten und zahlreiche Impulse und Fragen der Sch\u00fcler_innen hervorriefen.<\/p>\r\n\r\n\r\n\r\n<p class=\"wp-block-paragraph\">W\u00e4hrend der gesamten Diskussion hatten wir n\u00e4mlich die M\u00f6glichkeit, vorab im Politikunterricht erarbeitete sowie sich spontan ergebende Fragen an die Politiker_innen zu richten. In diesem Sinne fungierte eine weitere Mitarbeiterin des Jugendrings als Sprechrohr und Anw\u00e4ltin des Publikums, indem sie unsere via WhatsApp eingereichten Fragen immer wieder in die Diskussion einstreute. So konnte das Publikum beispielsweise recht zu Beginn deutlich machen, dass die Antworten der Diskutierenden teils viel zu allgemein gehalten waren und man sich stattdessen pr\u00e4zisere Redebeitr\u00e4ge und etwa konkrete Ma\u00dfnahmen in Sachen Umwelt- und Klimaschutz w\u00fcscht.<\/p>\r\n\r\n\r\n\r\n<p class=\"wp-block-paragraph\">Nachdem zuletzt die derzeitigen Herausforderungen im Kontext der Digitalisierung und der Sozialen Medien sowie die soeben auf den Weg gebrachte Reform im Umgang mit Cannabis in den Mittelpunkt der Diskussion ger\u00fcckt sind, kam es zu den Abschlussstatements der Diskutierenden und somit zum Ende der Veranstaltung.\u00a0<\/p>\r\n\r\n\r\n\r\n<figure class=\"wp-block-image size-large\"><img loading=\"lazy\" decoding=\"async\" width=\"1051\" height=\"600\" class=\"wp-image-13266\" src=\"https:\/\/mpg-do.de\/wp-content\/uploads\/2024\/05\/Meet-Your-Europakandidatin-cast-class-Max-Planck-Gymnasium-Dortmund-1051x600.jpeg\" alt=\"\" srcset=\"https:\/\/mpg-do.de\/wp-content\/uploads\/2024\/05\/Meet-Your-Europakandidatin-cast-class-Max-Planck-Gymnasium-Dortmund-1051x600.jpeg 1051w, https:\/\/mpg-do.de\/wp-content\/uploads\/2024\/05\/Meet-Your-Europakandidatin-cast-class-Max-Planck-Gymnasium-Dortmund-300x171.jpeg 300w, https:\/\/mpg-do.de\/wp-content\/uploads\/2024\/05\/Meet-Your-Europakandidatin-cast-class-Max-Planck-Gymnasium-Dortmund-768x439.jpeg 768w, https:\/\/mpg-do.de\/wp-content\/uploads\/2024\/05\/Meet-Your-Europakandidatin-cast-class-Max-Planck-Gymnasium-Dortmund-64x37.jpeg 64w, https:\/\/mpg-do.de\/wp-content\/uploads\/2024\/05\/Meet-Your-Europakandidatin-cast-class-Max-Planck-Gymnasium-Dortmund.jpeg 1280w\" sizes=\"auto, (max-width: 1051px) 100vw, 1051px\" \/><\/figure>\r\n\r\n\r\n\r\n<p class=\"wp-block-paragraph\">Auf dem R\u00fcckweg in der S-Bahn bot sich die Gelegenheit, die Diskussion Revue passieren zu lassen und die Eindr\u00fccke untereinander auszutauschen. Eine tiefergehende Reflexion muss aber vermutlich bis zum n\u00e4chsten Politikunterricht warten. Die Reaktion auf die Frage, ob die Sch\u00fcler_innen die Veranstaltung f\u00fcr zuk\u00fcnftige Klassen empfehlen w\u00fcrden, lie\u00df zumindest auf eine sehr gelungene und pers\u00f6nlich gewinnbringende Exkursion schlie\u00dfen.\u00a0<\/p>\r\n\r\n\r\n\r\n<p class=\"wp-block-paragraph\">Da die Veranstaltung aufgezeichnet und auf YouTube ver\u00f6ffentlicht wurde, kann man die Diskussion bei Interesse unter folgendem Link nachschauen:<\/p>\r\n\r\n\r\n\r\n<figure class=\"wp-block-embed is-type-video is-provider-youtube wp-block-embed-youtube wp-embed-aspect-16-9 wp-has-aspect-ratio\">\r\n<div class=\"wp-block-embed__wrapper\">https:\/\/youtu.be\/jLbm6AM2HFM<\/div>\r\n<\/figure>\r\n\r\n\r\n\r\n<p class=\"wp-block-paragraph\">Text: Jonas Ben Mohamed (begleitende Lehrkraft der Fachschaft Politik)<\/p>\r\n","protected":false},"excerpt":{"rendered":"<p>Anl\u00e4sslich der bevorstehen Europawahl ging es f\u00fcr die Sch\u00fclerinnen und Sch\u00fcler der 10d am 30.4.2024 zum Fritz-Hen\u00dfler-Haus, wo sie eine interaktive Podiumsdiskussion mit und zwischen Vertreter_innen der demokratischen Parteien erwartete.\u00a0<\/p>\n","protected":false},"author":5,"featured_media":13264,"comment_status":"closed","ping_status":"closed","sticky":false,"template":"","format":"standard","meta":{"_crdt_document":"","footnotes":""},"categories":[1],"tags":[124,186],"class_list":["post-13252","post","type-post","status-publish","format-standard","has-post-thumbnail","hentry","category-allgemein","tag-europaschule","tag-politik","entry"],"_links":{"self":[{"href":"https:\/\/mpg-do.de\/index.php?rest_route=\/wp\/v2\/posts\/13252","targetHints":{"allow":["GET"]}}],"collection":[{"href":"https:\/\/mpg-do.de\/index.php?rest_route=\/wp\/v2\/posts"}],"about":[{"href":"https:\/\/mpg-do.de\/index.php?rest_route=\/wp\/v2\/types\/post"}],"author":[{"embeddable":true,"href":"https:\/\/mpg-do.de\/index.php?rest_route=\/wp\/v2\/users\/5"}],"replies":[{"embeddable":true,"href":"https:\/\/mpg-do.de\/index.php?rest_route=%2Fwp%2Fv2%2Fcomments&post=13252"}],"version-history":[{"count":6,"href":"https:\/\/mpg-do.de\/index.php?rest_route=\/wp\/v2\/posts\/13252\/revisions"}],"predecessor-version":[{"id":13332,"href":"https:\/\/mpg-do.de\/index.php?rest_route=\/wp\/v2\/posts\/13252\/revisions\/13332"}],"wp:featuredmedia":[{"embeddable":true,"href":"https:\/\/mpg-do.de\/index.php?rest_route=\/wp\/v2\/media\/13264"}],"wp:attachment":[{"href":"https:\/\/mpg-do.de\/index.php?rest_route=%2Fwp%2Fv2%2Fmedia&parent=13252"}],"wp:term":[{"taxonomy":"category","embeddable":true,"href":"https:\/\/mpg-do.de\/index.php?rest_route=%2Fwp%2Fv2%2Fcategories&post=13252"},{"taxonomy":"post_tag","embeddable":true,"href":"https:\/\/mpg-do.de\/index.php?rest_route=%2Fwp%2Fv2%2Ftags&post=13252"}],"curies":[{"name":"wp","href":"https:\/\/api.w.org\/{rel}","templated":true}]}}