{"id":1383,"date":"2012-06-25T13:17:52","date_gmt":"2012-06-25T11:17:52","guid":{"rendered":"http:\/\/news.mpg-dortmund.de\/?p=1383"},"modified":"2025-01-27T17:55:35","modified_gmt":"2025-01-27T16:55:35","slug":"mpg-spendet-fuer-brasilien","status":"publish","type":"post","link":"https:\/\/mpg-do.de\/?p=1383","title":{"rendered":"MPG spendet f\u00fcr Stra\u00dfenkinder"},"content":{"rendered":"<div>\n<p><b><\/b>In den Sommerferien findet regelm\u00e4\u00dfig der Sch\u00fcleraustausch des Max-Planck-Gymnasiums mit dem\u00a0<i>Col\u00e9gio Visconde de Porto Seguro<\/i>, der Deutschen Schule S\u00e3o Paulo, in Brasilien statt. Dabei haben die 15 Sch\u00fclerinnen und Sch\u00fcler aus der Jahrgangsstufe 9 in diesem Jahr etwas Besonderes in ihrem Gep\u00e4ck, wenn sie ins Flugzeug steigen.<\/p>\n<div>\n<p><!--more--><\/p>\n<p>In den vorangegangen Jahren wurde im Rahmen des Austauschprogramms auch immer ein Sozialprojekt f\u00fcr Kinder und Jugendliche vor Ort besucht. Der Besuch dieses Projekts geh\u00f6rte immer zu den besonders pr\u00e4genden Momenten: \u201eEs ist wirklich herzzerrei\u00dfend, wenn man die Kinder und Jugendlichen dort sieht und mit ihren Geschichten konfrontiert wird. Ich h\u00e4tte am liebsten alle meine alten Spielsachen dabei gehabt und gespendet, nur um zu helfen.\u201d Das Bed\u00fcrfnis der Austauschsch\u00fcler zu helfen wurde von Schulleiterin Ute Tometten direkt aufgegriffen. Dazu wurden bei einem von der engagierten Sch\u00fclervertretung durchgef\u00fchrten Spendenlauf von Sch\u00fclerinnen und Sch\u00fclern des MPG 6901,56\u20ac gesammelt, die jetzt an das Sozialprojekt\u00a0<i>Santa F\u00e9<\/i>\u00a0in Brasilien \u00fcberreicht werden sollen.<\/p>\n<p>Das Pro\u00adjekt\u00a0<i>Santa F\u00e9<\/i>\u00a0betreut knapp einhundert ehemalige Stra\u00dfenkinder. Sie werden umfassend betreut und auf eine Rein\u00adte\u00adgration in die Gesellschaft vorbereitet, denn die meisten von ihnen haben trau\u00admatische Erlebnisse hinter sich. Die be\u00adtrof\u00adfenen Kinder haben alle irgendeine Form von Gewalt und Missbrauch in ihren Familien erlebt, die sie schlie\u00dflich zu Stra\u00dfenkindern gemacht hat.<\/p>\n<p>Eltern stehen diesen Kindern nicht mehr zur Seite. Viele haben Drogenmissbrauch, Drogenhandel, Gewalt, Diebstahl oder Prostitution am eigenen K\u00f6rper erfahren.<\/p>\n<p>Mit viel Liebe, Geduld und mit Hilfe von Fachleuten (Therapeuten und Psycholo\u00adgen) versucht man, diese Kinder wieder an ein normales Leben zu gew\u00f6hnen. Sie sollen wieder Kontakt zu ihren Familien aufnehmen und vor allem regelm\u00e4\u00dfig zur Schule gehen.<\/p>\n<p>Nicht zuletzt ist f\u00fcr diese Kinder die Einrichtung\u00a0<i>Santa F\u00e9<\/i>\u00a0\u00fcberlebenswichtig, weil sie dort ern\u00e4hrt werden ohne stehlen zu m\u00fcssen.<\/p>\n<p>Die am MPG f\u00fcr den Austausch zust\u00e4ndige Lehrerin, Carla Costa, freut sich sehr \u00fcber die Summe, die beim Spendenlauf zusammenkam. \u201eWir hoffen, dass wir mit dieser Spende das Leben der Kinder vor Ort ein wenig verbessern k\u00f6nnen und vielleicht finden sich ja auch noch weitere Spender, die dieses sinnvolle Projekt unterst\u00fctzen wollen.\u201c<\/p>\n<\/div>\n<\/div>\n<p>&nbsp;<\/p>\n","protected":false},"excerpt":{"rendered":"<p>In den Sommerferien findet regelm\u00e4\u00dfig der Sch\u00fcleraustausch des Max-Planck-Gymnasiums mit dem\u00a0Col\u00e9gio Visconde de Porto Seguro, der Deutschen Schule S\u00e3o Paulo, in Brasilien statt. Dabei haben die 15 Sch\u00fclerinnen und Sch\u00fcler aus der Jahrgangsstufe 9 in diesem Jahr etwas Besonderes in ihrem Gep\u00e4ck, wenn sie ins Flugzeug steigen.<\/p>\n","protected":false},"author":13,"featured_media":4069,"comment_status":"closed","ping_status":"closed","sticky":false,"template":"","format":"standard","meta":{"_crdt_document":"","footnotes":""},"categories":[1],"tags":[175,241,68,75,58],"class_list":["post-1383","post","type-post","status-publish","format-standard","has-post-thumbnail","hentry","category-allgemein","tag-ausland","tag-brasilien","tag-portugiesisch","tag-soziales","tag-sv","entry"],"_links":{"self":[{"href":"https:\/\/mpg-do.de\/index.php?rest_route=\/wp\/v2\/posts\/1383","targetHints":{"allow":["GET"]}}],"collection":[{"href":"https:\/\/mpg-do.de\/index.php?rest_route=\/wp\/v2\/posts"}],"about":[{"href":"https:\/\/mpg-do.de\/index.php?rest_route=\/wp\/v2\/types\/post"}],"author":[{"embeddable":true,"href":"https:\/\/mpg-do.de\/index.php?rest_route=\/wp\/v2\/users\/13"}],"replies":[{"embeddable":true,"href":"https:\/\/mpg-do.de\/index.php?rest_route=%2Fwp%2Fv2%2Fcomments&post=1383"}],"version-history":[{"count":10,"href":"https:\/\/mpg-do.de\/index.php?rest_route=\/wp\/v2\/posts\/1383\/revisions"}],"predecessor-version":[{"id":4077,"href":"https:\/\/mpg-do.de\/index.php?rest_route=\/wp\/v2\/posts\/1383\/revisions\/4077"}],"wp:featuredmedia":[{"embeddable":true,"href":"https:\/\/mpg-do.de\/index.php?rest_route=\/wp\/v2\/media\/4069"}],"wp:attachment":[{"href":"https:\/\/mpg-do.de\/index.php?rest_route=%2Fwp%2Fv2%2Fmedia&parent=1383"}],"wp:term":[{"taxonomy":"category","embeddable":true,"href":"https:\/\/mpg-do.de\/index.php?rest_route=%2Fwp%2Fv2%2Fcategories&post=1383"},{"taxonomy":"post_tag","embeddable":true,"href":"https:\/\/mpg-do.de\/index.php?rest_route=%2Fwp%2Fv2%2Ftags&post=1383"}],"curies":[{"name":"wp","href":"https:\/\/api.w.org\/{rel}","templated":true}]}}