{"id":14161,"date":"2025-05-10T16:10:47","date_gmt":"2025-05-10T14:10:47","guid":{"rendered":"https:\/\/mpg-do.de\/?p=14161"},"modified":"2025-05-10T16:10:57","modified_gmt":"2025-05-10T14:10:57","slug":"herr-dr-markus-tendahl-ist-neuer-schulleiter-am-mpg","status":"publish","type":"post","link":"https:\/\/mpg-do.de\/?p=14161","title":{"rendered":"Herr Dr. Markus Tendahl ist neuer Schulleiter am MPG"},"content":{"rendered":"\n<p class=\"wp-block-paragraph\">Seit dem 28.04.2025 ist das MPG in der Schulleitung wieder vollst\u00e4ndig besetzt.&nbsp;<\/p>\n\n\n\n<p class=\"wp-block-paragraph\">Im Beisein des Kollegiums, von Vertreter_innen der Eltern, der Sch\u00fcler_innen sowie Herrn Heidenreich von der Bezirksregierung Arnsberg wurde Herr Dr. Tendahl offiziell zum Schulleiter des MPG ernannt.<\/p>\n\n\n\n<!--more-->\n\n\n\n<p class=\"wp-block-paragraph\">Ian aus der Klasse 10 gab der Veranstaltung in der Aula mit viel Talent und einer beeindruckenden Stimme einen fantastischen musikalischen Rahmen.&nbsp;<\/p>\n\n\n\n<p class=\"wp-block-paragraph\">Eingebettet in Gru\u00dfworte des stellvertretenden Schulleiters, Herrn Schmidt, Frau Masuch und Herrn Prigge vom Lehrerrat, der Schulpflegschaftsvorsitzenden Frau Rymsa- Fitschen sowie der stellvertretenden Sch\u00fclersprecherin Eva, fand Herr Heidenreich pers\u00f6nliche Worte zur Amtseinf\u00fchrung f\u00fcr Herrn Dr. Tendahl, der sich im Anschluss den Anwesenden vorstellte und u.a. darauf einging, wie wichtig ihm die vertrauensvolle Kommunikation mit allen Gremien ist.<\/p>\n\n\n\n<p class=\"wp-block-paragraph\">Uns ist es\u00a0eine gro\u00dfe Freude, Herrn Dr. Markus Tendahl am MPG willkommen zu hei\u00dfen. Wir freuen uns auf die gemeinsame, vor uns liegende Zeit, auf neue Impulse, auf einen fruchtbaren Austausch, ein gutes Miteinander und eine vertrauensvolle Zusammenarbeit.\u00a0<\/p>\n","protected":false},"excerpt":{"rendered":"<p>Seit dem 28.04.2025 ist das MPG in der Schulleitung wieder vollst\u00e4ndig besetzt.&nbsp; Im Beisein des Kollegiums, von Vertreter_innen der Eltern, der Sch\u00fcler_innen sowie Herrn Heidenreich von der Bezirksregierung Arnsberg wurde Herr Dr. Tendahl offiziell zum Schulleiter des MPG ernannt.<\/p>\n","protected":false},"author":5,"featured_media":7285,"comment_status":"closed","ping_status":"closed","sticky":false,"template":"","format":"standard","meta":{"_crdt_document":"","footnotes":""},"categories":[1],"tags":[100],"class_list":["post-14161","post","type-post","status-publish","format-standard","has-post-thumbnail","hentry","category-allgemein","tag-schulleitung","entry"],"_links":{"self":[{"href":"https:\/\/mpg-do.de\/index.php?rest_route=\/wp\/v2\/posts\/14161","targetHints":{"allow":["GET"]}}],"collection":[{"href":"https:\/\/mpg-do.de\/index.php?rest_route=\/wp\/v2\/posts"}],"about":[{"href":"https:\/\/mpg-do.de\/index.php?rest_route=\/wp\/v2\/types\/post"}],"author":[{"embeddable":true,"href":"https:\/\/mpg-do.de\/index.php?rest_route=\/wp\/v2\/users\/5"}],"replies":[{"embeddable":true,"href":"https:\/\/mpg-do.de\/index.php?rest_route=%2Fwp%2Fv2%2Fcomments&post=14161"}],"version-history":[{"count":2,"href":"https:\/\/mpg-do.de\/index.php?rest_route=\/wp\/v2\/posts\/14161\/revisions"}],"predecessor-version":[{"id":14163,"href":"https:\/\/mpg-do.de\/index.php?rest_route=\/wp\/v2\/posts\/14161\/revisions\/14163"}],"wp:featuredmedia":[{"embeddable":true,"href":"https:\/\/mpg-do.de\/index.php?rest_route=\/wp\/v2\/media\/7285"}],"wp:attachment":[{"href":"https:\/\/mpg-do.de\/index.php?rest_route=%2Fwp%2Fv2%2Fmedia&parent=14161"}],"wp:term":[{"taxonomy":"category","embeddable":true,"href":"https:\/\/mpg-do.de\/index.php?rest_route=%2Fwp%2Fv2%2Fcategories&post=14161"},{"taxonomy":"post_tag","embeddable":true,"href":"https:\/\/mpg-do.de\/index.php?rest_route=%2Fwp%2Fv2%2Ftags&post=14161"}],"curies":[{"name":"wp","href":"https:\/\/api.w.org\/{rel}","templated":true}]}}