{"id":14238,"date":"2025-06-18T18:18:25","date_gmt":"2025-06-18T16:18:25","guid":{"rendered":"https:\/\/mpg-do.de\/?p=14238"},"modified":"2025-06-20T10:54:32","modified_gmt":"2025-06-20T08:54:32","slug":"erster-schulleitungsbrief-im-schuljahr-2024-25","status":"publish","type":"post","link":"https:\/\/mpg-do.de\/?p=14238","title":{"rendered":"Erster Schulleitungsbrief im Schuljahr 2024-25"},"content":{"rendered":"\n<p class=\"wp-block-paragraph\">Liebe Sch\u00fclerinnen und Sch\u00fcler, <br>liebe Eltern und Erziehungsberechtigte, <br>liebe Kolleginnen und Kollegen,<\/p>\n\n\n\n<p class=\"wp-block-paragraph\">die Schulgemeinschaft des Max-Planck-Gymnasiums umfasst 1.076 Sch\u00fclerinnen und Sch\u00fcler, ihre Eltern und Erziehungsberechtigten, 102 Lehrerinnen und Lehrer, zwei Sekret\u00e4rinnen und einen Schulhausmeister. Seit dem 28. April 2025 darf ich Teil dieser lebendigen und vielf\u00e4ltigen Gemeinschaft sein. Als neuer Schulleiter des Max-Planck-Gymnasiums blicke ich mit gro\u00dfer Freude \u2013 und mit dem n\u00f6tigen Respekt \u2013 auf die verantwortungsvolle, spannende und zweifellos herausfordernde Aufgabe.<\/p>\n\n\n\n<!--more-->\n\n\n\n<p class=\"wp-block-paragraph\">Zun\u00e4chst einmal m\u00f6chte ich mich Ihnen und euch in aller K\u00fcrze vorstellen. Nach meinem Studium der F\u00e4cher Englisch, Mathematik und Sport an der Technischen Universit\u00e4t Dortmund und der University of Leeds sowie einer Promotion in Englischer Sprachwissenschaft an der TU Dortmund und der University of California in Santa Cruz, absolvierte ich mein Referendariat am Gymnasium an der Schweizer Allee, an dem ich anschlie\u00dfend mehrere Jahre mit gro\u00dfer Freude unterrichtete. In den vergangenen fast elf Jahren war ich als stellvertretender Schulleiter am Goethe-Gymnasium in Dortmund t\u00e4tig und konnte dort vielf\u00e4ltige Erfahrungen in der Schul- und Unterrichtsentwicklung, in der Verwaltung und in der Leitung einer Schule sammeln. Ich lebe seit \u00fcber 30 Jahren in Dortmund, bin Vater dreier S\u00f6hne und kenne das Schulsystem daher auch aus der Elternperspektive. In meiner Freizeit spiele ich gerne Tennis und fahre Mountainbike oder Rennrad. Mit dem Profil des Max-Planck-Gymnasiums kann ich mich sehr gut identifizieren \u2013 es wird mir ein besonderes Anliegen sein, die vorhandenen St\u00e4rken und Profilbausteine zu bewahren und, wo m\u00f6glich, weiterzuentwickeln.<\/p>\n\n\n\n<p class=\"wp-block-paragraph\">Die ersten Wochen waren gepr\u00e4gt von zahlreichen neuen Eindr\u00fccken, spannenden Einblicken \u2013 und vor allem von vielen herzlichen Begegnungen. Ich m\u00f6chte mich an dieser Stelle ausdr\u00fccklich f\u00fcr den offenen, freundlichen und sehr warmherzigen Empfang bedanken, den ich von allen Seiten erfahren durfte: von Sch\u00fclerinnen und Sch\u00fclern, Eltern, Kolleginnen und Kollegen sowie den weiteren Mitarbeitenden der Schule. Dieser Start hat mir den Einstieg sehr erleichtert und mir zugleich gezeigt, welch positives Miteinander am Max-Planck-Gymnasium gelebt wird.<\/p>\n\n\n\n<p class=\"wp-block-paragraph\">Schon jetzt habe ich erleben d\u00fcrfen, dass unsere Schule von einem hoch engagierten Kollegium getragen wird, dass sich unsere Sch\u00fclerinnen und Sch\u00fcler gemeinsam mit ihren Eltern aktiv in die Schulentwicklung einbringen und dass unsere Strukturen von gelebter Demokratie gepr\u00e4gt sind. Umso mehr freue ich mich darauf, gemeinsam mit Ihnen und euch die Schule in einer Zeit des Wandels und der Herausforderungen verantwortungsvoll weiterzuentwickeln und zu gestalten.<\/p>\n\n\n\n<p class=\"wp-block-paragraph\">In den kommenden Jahren stehen wir \u2013 wie alle Schulen \u2013 vor gro\u00dfen Herausforderungen. Dazu z\u00e4hlen die fortschreitende Digitalisierung des Lernens und Arbeitens, die Anforderungen an Medienkompetenz sowie der verantwortungsvolle Umgang mit den M\u00f6glichkeiten k\u00fcnstlicher Intelligenz. Insbesondere die rasanten Entwicklungen im Bereich der k\u00fcnstlichen Intelligenz werden uns alle dazu anregen, die Art und Weise, wie wir Schule gestalten und leben wollen, weiterzuentwickeln. Es geht dabei nicht um ein einfaches \u201eje mehr, desto besser\u201c, sondern darum, wie wir Lernen k\u00fcnftig sinnvoll gestalten wollen \u2013 technisch, inhaltlich und vor allem sozial. Neben all der Technik m\u00fcssen wir stets das soziale Miteinander, die seelische Gesundheit und die pers\u00f6nliche Entwicklung der Kinder im Blick behalten.<\/p>\n\n\n\n<p class=\"wp-block-paragraph\">Nun freue ich mich sehr darauf, meine Erfahrungen, Ideen und mein Engagement am Max-Planck-Gymnasium einzubringen \u2013 gemeinsam mit Ihnen und euch. Ich freue mich auf viele weitere pers\u00f6nliche Begegnungen und auf eine gute, vertrauensvolle Zusammenarbeit!<\/p>\n\n\n\n<p class=\"wp-block-paragraph\">Mit herzlichen Gr\u00fc\u00dfen<\/p>\n\n\n\n<p class=\"wp-block-paragraph\">Dr. Markus Tendahl (OStD)<\/p>\n\n\n\n<p class=\"wp-block-paragraph\">Schulleiter<\/p>\n","protected":false},"excerpt":{"rendered":"<p>Liebe Sch\u00fclerinnen und Sch\u00fcler, liebe Eltern und Erziehungsberechtigte, liebe Kolleginnen und Kollegen, die Schulgemeinschaft des Max-Planck-Gymnasiums umfasst 1.076 Sch\u00fclerinnen und Sch\u00fcler, ihre Eltern und Erziehungsberechtigten, 102 Lehrerinnen und Lehrer, zwei Sekret\u00e4rinnen und einen Schulhausmeister. Seit dem 28. April 2025 darf ich Teil dieser lebendigen und vielf\u00e4ltigen Gemeinschaft sein. Als neuer Schulleiter des Max-Planck-Gymnasiums blicke ich &hellip; <\/p>\n<p class=\"link-more\"><a href=\"https:\/\/mpg-do.de\/?p=14238\" class=\"more-link\"><span class=\"screen-reader-text\">\u201eErster Schulleitungsbrief im Schuljahr 2024-25\u201c <\/span>weiterlesen<\/a><\/p>\n","protected":false},"author":5,"featured_media":7285,"comment_status":"closed","ping_status":"closed","sticky":false,"template":"","format":"standard","meta":{"_crdt_document":"","footnotes":""},"categories":[1],"tags":[100],"class_list":["post-14238","post","type-post","status-publish","format-standard","has-post-thumbnail","hentry","category-allgemein","tag-schulleitung","entry"],"_links":{"self":[{"href":"https:\/\/mpg-do.de\/index.php?rest_route=\/wp\/v2\/posts\/14238","targetHints":{"allow":["GET"]}}],"collection":[{"href":"https:\/\/mpg-do.de\/index.php?rest_route=\/wp\/v2\/posts"}],"about":[{"href":"https:\/\/mpg-do.de\/index.php?rest_route=\/wp\/v2\/types\/post"}],"author":[{"embeddable":true,"href":"https:\/\/mpg-do.de\/index.php?rest_route=\/wp\/v2\/users\/5"}],"replies":[{"embeddable":true,"href":"https:\/\/mpg-do.de\/index.php?rest_route=%2Fwp%2Fv2%2Fcomments&post=14238"}],"version-history":[{"count":3,"href":"https:\/\/mpg-do.de\/index.php?rest_route=\/wp\/v2\/posts\/14238\/revisions"}],"predecessor-version":[{"id":14243,"href":"https:\/\/mpg-do.de\/index.php?rest_route=\/wp\/v2\/posts\/14238\/revisions\/14243"}],"wp:featuredmedia":[{"embeddable":true,"href":"https:\/\/mpg-do.de\/index.php?rest_route=\/wp\/v2\/media\/7285"}],"wp:attachment":[{"href":"https:\/\/mpg-do.de\/index.php?rest_route=%2Fwp%2Fv2%2Fmedia&parent=14238"}],"wp:term":[{"taxonomy":"category","embeddable":true,"href":"https:\/\/mpg-do.de\/index.php?rest_route=%2Fwp%2Fv2%2Fcategories&post=14238"},{"taxonomy":"post_tag","embeddable":true,"href":"https:\/\/mpg-do.de\/index.php?rest_route=%2Fwp%2Fv2%2Ftags&post=14238"}],"curies":[{"name":"wp","href":"https:\/\/api.w.org\/{rel}","templated":true}]}}