{"id":14269,"date":"2025-07-02T09:54:52","date_gmt":"2025-07-02T07:54:52","guid":{"rendered":"https:\/\/mpg-do.de\/?p=14269"},"modified":"2025-07-02T09:54:53","modified_gmt":"2025-07-02T07:54:53","slug":"erster-mpg-honig","status":"publish","type":"post","link":"https:\/\/mpg-do.de\/?p=14269","title":{"rendered":"Erster MPG-Honig"},"content":{"rendered":"\n<p class=\"wp-block-paragraph\">Am Weltbienentag (20.05.) haben wir, die Live-Your-Vision-AG, zum zweiten Mal im Bienengarten in Aplerbeck das rege Treiben unserer Patenbienen bestaunt. Einige Tage sp\u00e4ter bekamen wir die erfreuliche Nachricht, dass von unserem Bienenvolk 17 Kilogramm Honig geerntet wurden.<\/p>\n\n\n\n<!--more-->\n\n\n\n<figure class=\"wp-block-gallery has-nested-images columns-default is-cropped wp-block-gallery-1 is-layout-flex wp-block-gallery-is-layout-flex\">\n<figure class=\"wp-block-image size-large\"><img loading=\"lazy\" decoding=\"async\" width=\"450\" height=\"600\" data-id=\"14271\" src=\"https:\/\/mpg-do.de\/wp-content\/uploads\/2025\/07\/Bild_Abfuellen-des-Honigs-2-Max-Planck-Gymnasium-Dortmund-450x600.jpg\" alt=\"\" class=\"wp-image-14271\" srcset=\"https:\/\/mpg-do.de\/wp-content\/uploads\/2025\/07\/Bild_Abfuellen-des-Honigs-2-Max-Planck-Gymnasium-Dortmund-450x600.jpg 450w, https:\/\/mpg-do.de\/wp-content\/uploads\/2025\/07\/Bild_Abfuellen-des-Honigs-2-Max-Planck-Gymnasium-Dortmund-225x300.jpg 225w, https:\/\/mpg-do.de\/wp-content\/uploads\/2025\/07\/Bild_Abfuellen-des-Honigs-2-Max-Planck-Gymnasium-Dortmund-768x1024.jpg 768w, https:\/\/mpg-do.de\/wp-content\/uploads\/2025\/07\/Bild_Abfuellen-des-Honigs-2-Max-Planck-Gymnasium-Dortmund-48x64.jpg 48w, https:\/\/mpg-do.de\/wp-content\/uploads\/2025\/07\/Bild_Abfuellen-des-Honigs-2-Max-Planck-Gymnasium-Dortmund.jpg 960w\" sizes=\"auto, (max-width: 450px) 100vw, 450px\" \/><\/figure>\n\n\n\n<figure class=\"wp-block-image size-large\"><img loading=\"lazy\" decoding=\"async\" width=\"423\" height=\"600\" data-id=\"14270\" src=\"https:\/\/mpg-do.de\/wp-content\/uploads\/2025\/07\/Bild_Abfuellen-des-Honigs-Max-Planck-Gymnasium-Dortmund-423x600.jpg\" alt=\"\" class=\"wp-image-14270\" srcset=\"https:\/\/mpg-do.de\/wp-content\/uploads\/2025\/07\/Bild_Abfuellen-des-Honigs-Max-Planck-Gymnasium-Dortmund-423x600.jpg 423w, https:\/\/mpg-do.de\/wp-content\/uploads\/2025\/07\/Bild_Abfuellen-des-Honigs-Max-Planck-Gymnasium-Dortmund-211x300.jpg 211w, https:\/\/mpg-do.de\/wp-content\/uploads\/2025\/07\/Bild_Abfuellen-des-Honigs-Max-Planck-Gymnasium-Dortmund-768x1090.jpg 768w, https:\/\/mpg-do.de\/wp-content\/uploads\/2025\/07\/Bild_Abfuellen-des-Honigs-Max-Planck-Gymnasium-Dortmund-45x64.jpg 45w, https:\/\/mpg-do.de\/wp-content\/uploads\/2025\/07\/Bild_Abfuellen-des-Honigs-Max-Planck-Gymnasium-Dortmund.jpg 902w\" sizes=\"auto, (max-width: 423px) 100vw, 423px\" \/><\/figure>\n<\/figure>\n\n\n\n<p class=\"wp-block-paragraph\">Der Honig wurde von unseren Ansprechpartnern im Imkerverein geschleudert und weiter aufbereitet, dann durften wir den gro\u00dfen Abf\u00fcllbeh\u00e4lter in Empfang nehmen. Die Aufgabe der AG-Mitglieder war es, den Honig gut durchzur\u00fchren und dann in 250-g-Gl\u00e4ser abzuf\u00fcllen.<\/p>\n\n\n\n<figure class=\"wp-block-image size-large\"><img loading=\"lazy\" decoding=\"async\" width=\"971\" height=\"600\" src=\"https:\/\/mpg-do.de\/wp-content\/uploads\/2025\/07\/Bild_Honigglaeser-Max-Planck-Gymnasium-Dortmund-971x600.jpg\" alt=\"\" class=\"wp-image-14272\" srcset=\"https:\/\/mpg-do.de\/wp-content\/uploads\/2025\/07\/Bild_Honigglaeser-Max-Planck-Gymnasium-Dortmund-971x600.jpg 971w, https:\/\/mpg-do.de\/wp-content\/uploads\/2025\/07\/Bild_Honigglaeser-Max-Planck-Gymnasium-Dortmund-300x185.jpg 300w, https:\/\/mpg-do.de\/wp-content\/uploads\/2025\/07\/Bild_Honigglaeser-Max-Planck-Gymnasium-Dortmund-768x475.jpg 768w, https:\/\/mpg-do.de\/wp-content\/uploads\/2025\/07\/Bild_Honigglaeser-Max-Planck-Gymnasium-Dortmund-64x40.jpg 64w, https:\/\/mpg-do.de\/wp-content\/uploads\/2025\/07\/Bild_Honigglaeser-Max-Planck-Gymnasium-Dortmund.jpg 1280w\" sizes=\"auto, (max-width: 971px) 100vw, 971px\" \/><\/figure>\n\n\n\n<p class=\"wp-block-paragraph\">Mittlerweile sind auch die selbst designten Etiketten eingetroffen und auf die Gl\u00e4ser geklebt.<\/p>\n\n\n\n<p class=\"wp-block-paragraph\">Noch in diesem Schuljahr wird es die M\u00f6glichkeit geben, unseren Honig gegen eine Spende zu erhalten. Die Spendenempfehlung betr\u00e4gt ab 6 \u20ac pro 250-g-Glas. Die Einnahmen flie\u00dfen wieder zur\u00fcck in das Bienenprojekt.<\/p>\n\n\n\n<p class=\"wp-block-paragraph\">M\u00f6glicherweise werden wir nicht alle Honigw\u00fcnsche erf\u00fcllen k\u00f6nnen, ABER: Unsere Patenbienen arbeiten schon flei\u00dfig weiter, sodass wir uns nach den Sommerferien auf weiteren Honig freuen d\u00fcrfen!<\/p>\n\n\n\n<figure class=\"wp-block-gallery has-nested-images columns-default is-cropped wp-block-gallery-2 is-layout-flex wp-block-gallery-is-layout-flex\">\n<figure class=\"wp-block-image size-large\"><img loading=\"lazy\" decoding=\"async\" width=\"450\" height=\"600\" data-id=\"14275\" src=\"https:\/\/mpg-do.de\/wp-content\/uploads\/2025\/07\/Bild_Imkerverein-3-Max-Planck-Gymnasium-Dortmund-450x600.jpg\" alt=\"\" class=\"wp-image-14275\" srcset=\"https:\/\/mpg-do.de\/wp-content\/uploads\/2025\/07\/Bild_Imkerverein-3-Max-Planck-Gymnasium-Dortmund-450x600.jpg 450w, https:\/\/mpg-do.de\/wp-content\/uploads\/2025\/07\/Bild_Imkerverein-3-Max-Planck-Gymnasium-Dortmund-225x300.jpg 225w, https:\/\/mpg-do.de\/wp-content\/uploads\/2025\/07\/Bild_Imkerverein-3-Max-Planck-Gymnasium-Dortmund-768x1024.jpg 768w, https:\/\/mpg-do.de\/wp-content\/uploads\/2025\/07\/Bild_Imkerverein-3-Max-Planck-Gymnasium-Dortmund-48x64.jpg 48w, https:\/\/mpg-do.de\/wp-content\/uploads\/2025\/07\/Bild_Imkerverein-3-Max-Planck-Gymnasium-Dortmund-rotated.jpg 960w\" sizes=\"auto, (max-width: 450px) 100vw, 450px\" \/><\/figure>\n\n\n\n<figure class=\"wp-block-image size-large\"><img loading=\"lazy\" decoding=\"async\" width=\"369\" height=\"600\" data-id=\"14274\" src=\"https:\/\/mpg-do.de\/wp-content\/uploads\/2025\/07\/Bild_Imkerverein-1-Max-Planck-Gymnasium-Dortmund-369x600.jpg\" alt=\"\" class=\"wp-image-14274\" srcset=\"https:\/\/mpg-do.de\/wp-content\/uploads\/2025\/07\/Bild_Imkerverein-1-Max-Planck-Gymnasium-Dortmund-369x600.jpg 369w, https:\/\/mpg-do.de\/wp-content\/uploads\/2025\/07\/Bild_Imkerverein-1-Max-Planck-Gymnasium-Dortmund-185x300.jpg 185w, https:\/\/mpg-do.de\/wp-content\/uploads\/2025\/07\/Bild_Imkerverein-1-Max-Planck-Gymnasium-Dortmund-768x1248.jpg 768w, https:\/\/mpg-do.de\/wp-content\/uploads\/2025\/07\/Bild_Imkerverein-1-Max-Planck-Gymnasium-Dortmund-39x64.jpg 39w, https:\/\/mpg-do.de\/wp-content\/uploads\/2025\/07\/Bild_Imkerverein-1-Max-Planck-Gymnasium-Dortmund.jpg 788w\" sizes=\"auto, (max-width: 369px) 100vw, 369px\" \/><\/figure>\n<\/figure>\n\n\n\n<p class=\"wp-block-paragraph\">Fun Fact: Die Produktion von Honig ist sehr aufwendig. Um 100g Honig zu erzeugen, braucht es ca. 6.000\u201310.000 Sammelfl\u00fcge. Ein Sammelflug dauert durchschnittlich 20\u201330 Minuten, sodass in 100g Honig ungef\u00e4hr 3000 Bienenflugstunden stecken. Bek\u00e4men die Bienen Mindestlohn, w\u00fcrde ein 250-g-Honigglas nach einer vereinfachten \u00dcberschlagsrechnung etwa 100.000\u20ac kosten.<\/p>\n\n\n\n<p class=\"wp-block-paragraph\">(HOT, LAM, SEJ)<\/p>\n","protected":false},"excerpt":{"rendered":"<p>Am Weltbienentag (20.05.) haben wir, die Live-Your-Vision-AG, zum zweiten Mal im Bienengarten in Aplerbeck das rege Treiben unserer Patenbienen bestaunt. Einige Tage sp\u00e4ter bekamen wir die erfreuliche Nachricht, dass von unserem Bienenvolk 17 Kilogramm Honig geerntet wurden.<\/p>\n","protected":false},"author":5,"featured_media":14273,"comment_status":"closed","ping_status":"closed","sticky":false,"template":"","format":"standard","meta":{"_crdt_document":"","footnotes":""},"categories":[1],"tags":[91,213,176],"class_list":["post-14269","post","type-post","status-publish","format-standard","has-post-thumbnail","hentry","category-allgemein","tag-ag","tag-mint","tag-umwelt","entry"],"_links":{"self":[{"href":"https:\/\/mpg-do.de\/index.php?rest_route=\/wp\/v2\/posts\/14269","targetHints":{"allow":["GET"]}}],"collection":[{"href":"https:\/\/mpg-do.de\/index.php?rest_route=\/wp\/v2\/posts"}],"about":[{"href":"https:\/\/mpg-do.de\/index.php?rest_route=\/wp\/v2\/types\/post"}],"author":[{"embeddable":true,"href":"https:\/\/mpg-do.de\/index.php?rest_route=\/wp\/v2\/users\/5"}],"replies":[{"embeddable":true,"href":"https:\/\/mpg-do.de\/index.php?rest_route=%2Fwp%2Fv2%2Fcomments&post=14269"}],"version-history":[{"count":4,"href":"https:\/\/mpg-do.de\/index.php?rest_route=\/wp\/v2\/posts\/14269\/revisions"}],"predecessor-version":[{"id":14279,"href":"https:\/\/mpg-do.de\/index.php?rest_route=\/wp\/v2\/posts\/14269\/revisions\/14279"}],"wp:featuredmedia":[{"embeddable":true,"href":"https:\/\/mpg-do.de\/index.php?rest_route=\/wp\/v2\/media\/14273"}],"wp:attachment":[{"href":"https:\/\/mpg-do.de\/index.php?rest_route=%2Fwp%2Fv2%2Fmedia&parent=14269"}],"wp:term":[{"taxonomy":"category","embeddable":true,"href":"https:\/\/mpg-do.de\/index.php?rest_route=%2Fwp%2Fv2%2Fcategories&post=14269"},{"taxonomy":"post_tag","embeddable":true,"href":"https:\/\/mpg-do.de\/index.php?rest_route=%2Fwp%2Fv2%2Ftags&post=14269"}],"curies":[{"name":"wp","href":"https:\/\/api.w.org\/{rel}","templated":true}]}}