{"id":14300,"date":"2025-07-12T07:44:54","date_gmt":"2025-07-12T05:44:54","guid":{"rendered":"https:\/\/mpg-do.de\/?p=14300"},"modified":"2025-07-14T10:44:16","modified_gmt":"2025-07-14T08:44:16","slug":"schulleitungsbrief-zum-schuljahresende","status":"publish","type":"post","link":"https:\/\/mpg-do.de\/?p=14300","title":{"rendered":"Schulleitungsbrief zum Schuljahresende"},"content":{"rendered":"\n<p class=\"wp-block-paragraph\">Liebe Sch\u00fclerinnen und Sch\u00fcler, liebe Eltern und Erziehungsberechtigte, liebe Kolleginnen und Kollegen,<\/p>\n\n\n\n<p class=\"wp-block-paragraph\">ein ereignisreiches Schuljahr geht zu Ende \u2013 mit all seinen Herausforderungen, Erfolgen, R\u00fcckschl\u00e4gen, Momenten des Lernens, des Lachens, manchmal vielleicht sogar des Weinens. Langweilig ist so ein Schuljahr jedenfalls selten, anstrengend ist so ein Schuljahr meistens. Insofern freuen sich sicherlich nicht wenige Mitglieder der Schulgemeinschaft auf hoffentlich sonnige Sommerferien und viel Erholung. <\/p>\n\n\n\n<p class=\"wp-block-paragraph\">Vorab m\u00f6chten wir euch und Ihnen aber noch einmal \u00fcber einige aktuelle Entwicklungen und Neuerungen informieren.<\/p>\n\n\n\n<!--more-->\n\n\n\n<p class=\"wp-block-paragraph\">Die f\u00fcr viele vielleicht sp\u00fcrbarste \u00c4nderung, die uns alle unmittelbar zu Beginn des neuen Schuljahres besch\u00e4ftigen wird, ist die <a href=\"https:\/\/mpg-do.de\/wp-content\/uploads\/2025\/07\/Nutzung-privater-mobiler-Endgeraete.pdf\" data-type=\"attachment\" data-id=\"14307\">Neufassung der Regelung zur Nutzung privater mobiler Endger\u00e4te<\/a>, oder kurz: der Handyregelung. Am 23.06.2025 hat die Schulkonferenz des Max-Planck-Gymnasiums beschlossen, dass die Nutzung privater mobiler Endger\u00e4te, wie Handys, auf dem gesamten Schulgel\u00e4nde untersagt ist. Lediglich Oberstufensch\u00fclerinnen und -sch\u00fcler d\u00fcrfen ihre privaten Ger\u00e4te in Freistunden und Pausen im Oberst\u00fcbchen weiterhin nutzen. Die Details entnehmt ihr und entnehmen Sie bitte dem angeh\u00e4ngten Text dieser Regelung. Wir hoffen, dass diese Regelung dazu f\u00fchren wird, dass unsere Sch\u00fclerinnen und Sch\u00fcler wieder mehr sozial und von Angesicht zu Angesicht interagieren, dass sie sich wieder mehr bewegen und dass insgesamt die Bildschirmzeit reduziert wird. In den vergangenen Jahren hat die Erfahrung in s\u00e4mtlichen Schulen gezeigt, dass Handys leider ein enormes Ablenkungs- und St\u00f6rpotenzial besitzen. Nat\u00fcrlich ist uns Lehrerinnen und Lehrern sehr bewusst, dass diese Regelung von vielen Sch\u00fclerinnen und Sch\u00fclern sehr kritisch be\u00e4ugt wird, jedoch hoffen wir, dass die Sch\u00fclerinnen und Sch\u00fclern sich dennoch schnell an diese Neuerung gew\u00f6hnen werden und dass die Eltern die schulischen Bem\u00fchungen auch an dieser Stelle unterst\u00fctzen. Damit eine rasche Gew\u00f6hnung eintritt, werden wir zu Beginn des Schuljahres in Anlehnung an die bekannten NRW-Blitzermarathons zuvor angek\u00fcndigte Handy-Marathons durchf\u00fchren, bei denen wir die Aufsichten verst\u00e4rken und gezielt auf die Einhaltung der Regelung achten.<\/p>\n\n\n\n<p class=\"wp-block-paragraph\">Eine weitere Neuigkeit, die kaum wahrnehmbar sein wird im neuen Schuljahr, die aber f\u00fcr uns von allergr\u00f6\u00dfter Bedeutung ist, betrifft die Nutzung von Google Workspace als Lernmanagementsystem. Nachdem die Bezirksregierung den Schulen vor Beginn des vergangenen Schuljahres mitteilte, dass die Nutzung von Google Workspace nach einem Jahr des \u00dcbergangs einzustellen sei, haben die betroffenen Dortmunder Gymnasien sich zusammengeschlossen, um dieses Szenario abzuwenden. Seit wenigen Wochen wissen wir nun, dass wir Google Workspace zumindest in der Bezahlversion weiterverwenden d\u00fcrfen. Die Schulkonferenz hat demzufolge in ihrer letzten Sitzung beschlossen, dass die iNet-Betr\u00e4ge f\u00fcr die Sch\u00fclerinnen und Sch\u00fcler um 50 ct angehoben werden, damit wir die Bezahlversion kaufen k\u00f6nnen, denn die Stadt Dortmund hat uns unmissverst\u00e4ndlich mitgeteilt, dass sie sich an dieser Stelle nicht in der Pflicht sehe. F\u00fcr uns als Schule ist das nichtsdestotrotz eine hervorragende Entwicklung und wir m\u00f6chten darum bitten, die iNet-Betr\u00e4ge entsprechend ab dem 01. August 2025 anzupassen. Mein besonderer Dank gilt an dieser Stelle unserem Kollegen Herrn Sebastian Knauf, der sich im besonderen Ma\u00dfe in der Arbeitsgruppe der betroffenen Gymnasien engagiert hat.<\/p>\n\n\n\n<p class=\"wp-block-paragraph\">Das Personalkarussel hat sich weitergedreht und wird sich weiterdrehen. Zum 01.05.2025 haben wir die \u201aalten\u2018 Referendarinnen und Referendare examiniert entlassen. Bereits seit dem 01. Mai 2025 bilden wir sechs neue Referendarinnen und Referendare an unserer Schule aus. Zum neuen Schuljahr wird noch ein weiterer Lehramtsanw\u00e4rter dazusto\u00dfen. Abschied nehmen mussten wir leider von unseren Vertretungslehrkr\u00e4ften Fr. Eckardt, Hr. Wever, Fr. Alamed und Hr. Kl\u00fcck, die das Max-Planck-Gymnasium engagiert unterst\u00fctzt haben. Leider mussten wir ebenfalls den allseits anerkannten und gesch\u00e4tzten Kollegen Hr. OStR Crede ziehen lassen. Auf eigenen Wunsch verl\u00e4sst Hr. Crede das Max-Planck-Gymnasium um zu einer heimatn\u00e4heren Schule zu wechseln und den Staus der hiesigen Autobahnen zu entgehen. Hr. Crede wird eine L\u00fccke hinterlassen, die es nun zu f\u00fcllen gilt. Erfreulich hingegen ist, dass wir f\u00fcr das neue Schuljahr zwei neue Lehrkr\u00e4fte einstellen konnten. Zum einen wird Fr. Reich (Englisch\/Politik\/Sozialwissenschaften) das Kollegium unterst\u00fctzen und zum anderen wird Hr. Neuhaus (Mathematik\/Sport), den einige bereits als Vertretungslehrer am MPG kennen, nunmehr fest in das Kollegium \u00fcbergehen.<\/p>\n\n\n\n<p class=\"wp-block-paragraph\">Abschlie\u00dfend m\u00f6chten wir allen Sch\u00fclerinnen und Sch\u00fclern, allen Eltern und Erziehungsberechtigten und allen Lehrerinnen und Lehrern wundersch\u00f6ne und erholsame Sommerferien w\u00fcnschen.<\/p>\n\n\n\n<p class=\"wp-block-paragraph\">Mit herzlichen Gr\u00fc\u00dfen<\/p>\n\n\n\n<div class=\"wp-block-columns is-layout-flex wp-container-core-columns-is-layout-8f761849 wp-block-columns-is-layout-flex\">\n<div class=\"wp-block-column is-layout-flow wp-block-column-is-layout-flow\">\n<p class=\"wp-block-paragraph\">Dr. Markus Tendahl (OStD)<\/p>\n\n\n\n<p class=\"wp-block-paragraph\">Schulleiter<\/p>\n<\/div>\n\n\n\n<div class=\"wp-block-column is-layout-flow wp-block-column-is-layout-flow\">\n<p class=\"wp-block-paragraph\">Carsten Schmidt (StD)<\/p>\n\n\n\n<p class=\"wp-block-paragraph\">Stellvertretender Schulleiter<\/p>\n<\/div>\n<\/div>\n\n\n\n<div data-wp-interactive=\"core\/file\" class=\"wp-block-file\"><object data-wp-bind--hidden=\"!state.hasPdfPreview\" hidden class=\"wp-block-file__embed\" data=\"https:\/\/mpg-do.de\/wp-content\/uploads\/2025\/07\/Schulleiterbrief-11-07-2025.pdf\" type=\"application\/pdf\" style=\"width:100%;height:600px\" aria-label=\"Einbettung von Schulleiterbrief 11-07-2025.\"><\/object><a id=\"wp-block-file--media-5a44b440-245d-4fe2-815a-20583c31560a\" href=\"https:\/\/mpg-do.de\/wp-content\/uploads\/2025\/07\/Schulleiterbrief-11-07-2025.pdf\">Schulleiterbrief 11-07-2025<\/a><a href=\"https:\/\/mpg-do.de\/wp-content\/uploads\/2025\/07\/Schulleiterbrief-11-07-2025.pdf\" class=\"wp-block-file__button wp-element-button\" download aria-describedby=\"wp-block-file--media-5a44b440-245d-4fe2-815a-20583c31560a\">Herunterladen<\/a><\/div>\n\n\n\n<p class=\"wp-block-paragraph\"><\/p>\n","protected":false},"excerpt":{"rendered":"<p>Liebe Sch\u00fclerinnen und Sch\u00fcler, liebe Eltern und Erziehungsberechtigte, liebe Kolleginnen und Kollegen, ein ereignisreiches Schuljahr geht zu Ende \u2013 mit all seinen Herausforderungen, Erfolgen, R\u00fcckschl\u00e4gen, Momenten des Lernens, des Lachens, manchmal vielleicht sogar des Weinens. Langweilig ist so ein Schuljahr jedenfalls selten, anstrengend ist so ein Schuljahr meistens. Insofern freuen sich sicherlich nicht wenige Mitglieder &hellip; <\/p>\n<p class=\"link-more\"><a href=\"https:\/\/mpg-do.de\/?p=14300\" class=\"more-link\"><span class=\"screen-reader-text\">\u201eSchulleitungsbrief zum Schuljahresende\u201c <\/span>weiterlesen<\/a><\/p>\n","protected":false},"author":5,"featured_media":7285,"comment_status":"closed","ping_status":"closed","sticky":false,"template":"","format":"standard","meta":{"_crdt_document":"","footnotes":""},"categories":[1],"tags":[100],"class_list":["post-14300","post","type-post","status-publish","format-standard","has-post-thumbnail","hentry","category-allgemein","tag-schulleitung","entry"],"_links":{"self":[{"href":"https:\/\/mpg-do.de\/index.php?rest_route=\/wp\/v2\/posts\/14300","targetHints":{"allow":["GET"]}}],"collection":[{"href":"https:\/\/mpg-do.de\/index.php?rest_route=\/wp\/v2\/posts"}],"about":[{"href":"https:\/\/mpg-do.de\/index.php?rest_route=\/wp\/v2\/types\/post"}],"author":[{"embeddable":true,"href":"https:\/\/mpg-do.de\/index.php?rest_route=\/wp\/v2\/users\/5"}],"replies":[{"embeddable":true,"href":"https:\/\/mpg-do.de\/index.php?rest_route=%2Fwp%2Fv2%2Fcomments&post=14300"}],"version-history":[{"count":4,"href":"https:\/\/mpg-do.de\/index.php?rest_route=\/wp\/v2\/posts\/14300\/revisions"}],"predecessor-version":[{"id":14315,"href":"https:\/\/mpg-do.de\/index.php?rest_route=\/wp\/v2\/posts\/14300\/revisions\/14315"}],"wp:featuredmedia":[{"embeddable":true,"href":"https:\/\/mpg-do.de\/index.php?rest_route=\/wp\/v2\/media\/7285"}],"wp:attachment":[{"href":"https:\/\/mpg-do.de\/index.php?rest_route=%2Fwp%2Fv2%2Fmedia&parent=14300"}],"wp:term":[{"taxonomy":"category","embeddable":true,"href":"https:\/\/mpg-do.de\/index.php?rest_route=%2Fwp%2Fv2%2Fcategories&post=14300"},{"taxonomy":"post_tag","embeddable":true,"href":"https:\/\/mpg-do.de\/index.php?rest_route=%2Fwp%2Fv2%2Ftags&post=14300"}],"curies":[{"name":"wp","href":"https:\/\/api.w.org\/{rel}","templated":true}]}}