{"id":14725,"date":"2026-01-23T10:28:06","date_gmt":"2026-01-23T09:28:06","guid":{"rendered":"https:\/\/mpg-do.de\/?p=14725"},"modified":"2026-01-23T10:28:17","modified_gmt":"2026-01-23T09:28:17","slug":"schuelerinnen-gestalten-den-holocaust-gedenktag","status":"publish","type":"post","link":"https:\/\/mpg-do.de\/?p=14725","title":{"rendered":"Sch\u00fcler:innen gestalten den Holocaust-Gedenktag"},"content":{"rendered":"\n<p class=\"wp-block-paragraph\">\u201e<strong>Erinnern f\u00fcr die Zukunft\u201c<\/strong><\/p>\n\n\n\n<p class=\"wp-block-paragraph\">Am 27. Januar 1945 wurde das Konzentrations- und Vernichtungslager Auschwitz von der Roten Armee befreit. Mit der \u00d6ffnung der Tore dieses Ortes des Schreckens wurde der Welt das unvorstellbare Grauen nationalsozialistischer Verbrechen offenbart. Millionen Menschen \u2013 Juden, Roma, Sinti, politische Gefangene und viele andere \u2013 wurden entrechtet, entmenschlicht und ermordet.<\/p>\n\n\n\n<!--more-->\n\n\n\n<p class=\"wp-block-paragraph\">\u201e<em>Wenn man \u00fcber Auschwitz spricht, muss man an die denken, die dort geblieben sind, und an die, die \u00fcberlebt haben, um zu erz\u00e4hlen \u2013 damit man uns glaubt, damit man nie vergisst.\u201c&nbsp;<\/em><br>\u2014 Primo Levi, Auschwitz-\u00dcberlebender<\/p>\n\n\n\n<figure class=\"wp-block-image size-large\"><img loading=\"lazy\" decoding=\"async\" width=\"800\" height=\"600\" src=\"https:\/\/mpg-do.de\/wp-content\/uploads\/2026\/01\/Holocaust-Gedenktag3-Max-Planck-Gymnasium-Dortmund-800x600.jpg\" alt=\"\" class=\"wp-image-14728\" srcset=\"https:\/\/mpg-do.de\/wp-content\/uploads\/2026\/01\/Holocaust-Gedenktag3-Max-Planck-Gymnasium-Dortmund-800x600.jpg 800w, https:\/\/mpg-do.de\/wp-content\/uploads\/2026\/01\/Holocaust-Gedenktag3-Max-Planck-Gymnasium-Dortmund-300x225.jpg 300w, https:\/\/mpg-do.de\/wp-content\/uploads\/2026\/01\/Holocaust-Gedenktag3-Max-Planck-Gymnasium-Dortmund-120x90.jpg 120w, https:\/\/mpg-do.de\/wp-content\/uploads\/2026\/01\/Holocaust-Gedenktag3-Max-Planck-Gymnasium-Dortmund-768x576.jpg 768w, https:\/\/mpg-do.de\/wp-content\/uploads\/2026\/01\/Holocaust-Gedenktag3-Max-Planck-Gymnasium-Dortmund-64x48.jpg 64w, https:\/\/mpg-do.de\/wp-content\/uploads\/2026\/01\/Holocaust-Gedenktag3-Max-Planck-Gymnasium-Dortmund.jpg 1280w\" sizes=\"auto, (max-width: 800px) 100vw, 800px\" \/><\/figure>\n\n\n\n<p class=\"wp-block-paragraph\">Anl\u00e4sslich des Holocaust-Gedenktages haben Sch\u00fclerinnen und Sch\u00fcler der Klassen 10a, 10b, 9c, und&nbsp;9f&nbsp;Lebensgeschichten von Opfern der nationalsozialistischen Verfolgung recherchiert und ihre Schicksale exemplarisch dokumentiert. Diese biographischen Arbeiten zeigen, dass hinter jeder Zahl ein Mensch stand \u2013 mit Tr\u00e4umen, Familien und Hoffnungen.<\/p>\n\n\n\n<p class=\"wp-block-paragraph\"><em>\u201eIch erz\u00e4hle, weil ich will, dass junge Menschen wissen: Hass beginnt mit Worten \u2013 und kann in Taten enden.\u201c&nbsp;<\/em><br>\u2014 Anita Lasker-Wallfisch, Auschwitz-\u00dcberlebende<\/p>\n\n\n\n<figure class=\"wp-block-image size-large\"><img loading=\"lazy\" decoding=\"async\" width=\"800\" height=\"600\" src=\"https:\/\/mpg-do.de\/wp-content\/uploads\/2026\/01\/Holocaust-Gedenktag2-Max-Planck-Gymnasium-Dortmund-800x600.jpg\" alt=\"\" class=\"wp-image-14727\" srcset=\"https:\/\/mpg-do.de\/wp-content\/uploads\/2026\/01\/Holocaust-Gedenktag2-Max-Planck-Gymnasium-Dortmund-800x600.jpg 800w, https:\/\/mpg-do.de\/wp-content\/uploads\/2026\/01\/Holocaust-Gedenktag2-Max-Planck-Gymnasium-Dortmund-300x225.jpg 300w, https:\/\/mpg-do.de\/wp-content\/uploads\/2026\/01\/Holocaust-Gedenktag2-Max-Planck-Gymnasium-Dortmund-120x90.jpg 120w, https:\/\/mpg-do.de\/wp-content\/uploads\/2026\/01\/Holocaust-Gedenktag2-Max-Planck-Gymnasium-Dortmund-768x576.jpg 768w, https:\/\/mpg-do.de\/wp-content\/uploads\/2026\/01\/Holocaust-Gedenktag2-Max-Planck-Gymnasium-Dortmund-64x48.jpg 64w, https:\/\/mpg-do.de\/wp-content\/uploads\/2026\/01\/Holocaust-Gedenktag2-Max-Planck-Gymnasium-Dortmund.jpg 1280w\" sizes=\"auto, (max-width: 800px) 100vw, 800px\" \/><\/figure>\n\n\n\n<p class=\"wp-block-paragraph\">Auch die 10er, 9er und zwei Sch\u00fclerinnen aus der Q1&nbsp;besch\u00e4ftigten sich mit verschiedenen Formen des Erinnerns und Gedenkens. Dabei richteten sie ihren Blick sowohl auf die Spuren des Nationalsozialismus direkt \u201evor unserer Haust\u00fcr\u201c als auch auf Orte des Erinnerns wie Gedenkst\u00e4tten, Museen und Veranstaltungen in Nordrhein-Westfalen.<\/p>\n\n\n\n<p class=\"wp-block-paragraph\">Die Ausstellung in der Pausenhalle l\u00e4dt alle Mitsch\u00fclerinnen und Mitsch\u00fcler ein, sich mit den Fragen auseinanderzusetzen:&nbsp;<br>Wie konnte das geschehen?&nbsp;<br>Welche Verantwortung tragen wir heute?&nbsp;<br>Und was bedeutet \u201eNie wieder\u201c in unserer Zeit?<\/p>\n\n\n\n<p class=\"wp-block-paragraph\">Jennifer Heider, Anna J\u00e4ger<\/p>\n\n\n\n<p class=\"wp-block-paragraph\"><\/p>\n","protected":false},"excerpt":{"rendered":"<p>\u201eErinnern f\u00fcr die Zukunft\u201c Am 27. Januar 1945 wurde das Konzentrations- und Vernichtungslager Auschwitz von der Roten Armee befreit. Mit der \u00d6ffnung der Tore dieses Ortes des Schreckens wurde der Welt das unvorstellbare Grauen nationalsozialistischer Verbrechen offenbart. Millionen Menschen \u2013 Juden, Roma, Sinti, politische Gefangene und viele andere \u2013 wurden entrechtet, entmenschlicht und ermordet.<\/p>\n","protected":false},"author":5,"featured_media":14726,"comment_status":"closed","ping_status":"closed","sticky":false,"template":"","format":"standard","meta":{"_crdt_document":"","footnotes":""},"categories":[1],"tags":[181],"class_list":["post-14725","post","type-post","status-publish","format-standard","has-post-thumbnail","hentry","category-allgemein","tag-geschichte","entry"],"_links":{"self":[{"href":"https:\/\/mpg-do.de\/index.php?rest_route=\/wp\/v2\/posts\/14725","targetHints":{"allow":["GET"]}}],"collection":[{"href":"https:\/\/mpg-do.de\/index.php?rest_route=\/wp\/v2\/posts"}],"about":[{"href":"https:\/\/mpg-do.de\/index.php?rest_route=\/wp\/v2\/types\/post"}],"author":[{"embeddable":true,"href":"https:\/\/mpg-do.de\/index.php?rest_route=\/wp\/v2\/users\/5"}],"replies":[{"embeddable":true,"href":"https:\/\/mpg-do.de\/index.php?rest_route=%2Fwp%2Fv2%2Fcomments&post=14725"}],"version-history":[{"count":3,"href":"https:\/\/mpg-do.de\/index.php?rest_route=\/wp\/v2\/posts\/14725\/revisions"}],"predecessor-version":[{"id":14731,"href":"https:\/\/mpg-do.de\/index.php?rest_route=\/wp\/v2\/posts\/14725\/revisions\/14731"}],"wp:featuredmedia":[{"embeddable":true,"href":"https:\/\/mpg-do.de\/index.php?rest_route=\/wp\/v2\/media\/14726"}],"wp:attachment":[{"href":"https:\/\/mpg-do.de\/index.php?rest_route=%2Fwp%2Fv2%2Fmedia&parent=14725"}],"wp:term":[{"taxonomy":"category","embeddable":true,"href":"https:\/\/mpg-do.de\/index.php?rest_route=%2Fwp%2Fv2%2Fcategories&post=14725"},{"taxonomy":"post_tag","embeddable":true,"href":"https:\/\/mpg-do.de\/index.php?rest_route=%2Fwp%2Fv2%2Ftags&post=14725"}],"curies":[{"name":"wp","href":"https:\/\/api.w.org\/{rel}","templated":true}]}}