{"id":1865,"date":"2016-07-08T10:40:05","date_gmt":"2016-07-08T08:40:05","guid":{"rendered":"http:\/\/news.mpg-dortmund.de\/?p=1865"},"modified":"2023-06-01T18:08:55","modified_gmt":"2023-06-01T16:08:55","slug":"spendenlauf","status":"publish","type":"post","link":"https:\/\/mpg-do.de\/?p=1865","title":{"rendered":"Spendenlauf"},"content":{"rendered":"<p>4064,22\u20ac haben die Sch\u00fcler_innen aller Jahrgansstufen beim Spendenlauf f\u00fcr unser soziales Schulprojekt erlaufen! Der Erl\u00f6s kommt dem <a href=\"https:\/\/noobserver.de\/?p=1383\">Stra\u00dfenkinderprojekt Santa F\u00e9<\/a> bei S\u00e3o Paulo in Brasilien zugute. In den Sommerferien, werden unsere Sch\u00fcler_innen im Rahmen des Brasilienaustausches die Einrichtung besuchen.<br \/>\n<!--more--><\/p>\n","protected":false},"excerpt":{"rendered":"<p>4064,22\u20ac haben die Sch\u00fcler_innen aller Jahrgansstufen beim Spendenlauf f\u00fcr unser soziales Schulprojekt erlaufen! Der Erl\u00f6s kommt dem Stra\u00dfenkinderprojekt Santa F\u00e9 bei S\u00e3o Paulo in Brasilien zugute. In den Sommerferien, werden unsere Sch\u00fcler_innen im Rahmen des Brasilienaustausches die Einrichtung besuchen.<\/p>\n","protected":false},"author":13,"featured_media":4069,"comment_status":"closed","ping_status":"closed","sticky":false,"template":"","format":"standard","meta":{"_crdt_document":"","footnotes":""},"categories":[1],"tags":[241,68,75,58],"class_list":["post-1865","post","type-post","status-publish","format-standard","has-post-thumbnail","hentry","category-allgemein","tag-brasilien","tag-portugiesisch","tag-soziales","tag-sv","entry"],"_links":{"self":[{"href":"https:\/\/mpg-do.de\/index.php?rest_route=\/wp\/v2\/posts\/1865","targetHints":{"allow":["GET"]}}],"collection":[{"href":"https:\/\/mpg-do.de\/index.php?rest_route=\/wp\/v2\/posts"}],"about":[{"href":"https:\/\/mpg-do.de\/index.php?rest_route=\/wp\/v2\/types\/post"}],"author":[{"embeddable":true,"href":"https:\/\/mpg-do.de\/index.php?rest_route=\/wp\/v2\/users\/13"}],"replies":[{"embeddable":true,"href":"https:\/\/mpg-do.de\/index.php?rest_route=%2Fwp%2Fv2%2Fcomments&post=1865"}],"version-history":[{"count":3,"href":"https:\/\/mpg-do.de\/index.php?rest_route=\/wp\/v2\/posts\/1865\/revisions"}],"predecessor-version":[{"id":4071,"href":"https:\/\/mpg-do.de\/index.php?rest_route=\/wp\/v2\/posts\/1865\/revisions\/4071"}],"wp:featuredmedia":[{"embeddable":true,"href":"https:\/\/mpg-do.de\/index.php?rest_route=\/wp\/v2\/media\/4069"}],"wp:attachment":[{"href":"https:\/\/mpg-do.de\/index.php?rest_route=%2Fwp%2Fv2%2Fmedia&parent=1865"}],"wp:term":[{"taxonomy":"category","embeddable":true,"href":"https:\/\/mpg-do.de\/index.php?rest_route=%2Fwp%2Fv2%2Fcategories&post=1865"},{"taxonomy":"post_tag","embeddable":true,"href":"https:\/\/mpg-do.de\/index.php?rest_route=%2Fwp%2Fv2%2Ftags&post=1865"}],"curies":[{"name":"wp","href":"https:\/\/api.w.org\/{rel}","templated":true}]}}