{"id":2531,"date":"2015-09-19T17:33:49","date_gmt":"2015-09-19T15:33:49","guid":{"rendered":"http:\/\/news.mpg-dortmund.de\/?p=2531"},"modified":"2016-11-17T07:57:01","modified_gmt":"2016-11-17T06:57:01","slug":"chemie-wettbewerb","status":"publish","type":"post","link":"https:\/\/mpg-do.de\/?p=2531","title":{"rendered":"Chemie-Wettbewerb"},"content":{"rendered":"<p>Die Firma Bayer HealthCare in Bergkamen veranstaltet jedes Jahr am Tag der Chemie einen Sch\u00fclerwettbewerb f\u00fcr Gruppen aus den Jahrg\u00e4ngen 6, 9 und 12.<br \/>\n<!--more--><br \/>\nIn diesem Jahr nahm am Samstag, den 19. September auch das Max-Planck-Gymnasium mit zwei Sch\u00fclerteams teil. Beide Teams geh\u00f6rten zu den Preistr\u00e4gern. Das Team des Chemie-LKs (Q2) erreichte in seiner Altersgruppe den f\u00fcnften Platz und gewann 500 Euro, das Team mit Sch\u00fclerinnen und Sch\u00fclern aus dem 9. Jahrgang kam auf Platz zwei und gewann 2000 Euro. Wir gratulieren den Sch\u00fclerinnen und Sch\u00fclern zu ihrer erfolgreichen Leistung und freuen uns mit ihnen \u00fcber das Preisgeld, das der Fachschaft Chemie zugute kommen wird.<\/p>\n","protected":false},"excerpt":{"rendered":"<p>Die Firma Bayer HealthCare in Bergkamen veranstaltet jedes Jahr am Tag der Chemie einen Sch\u00fclerwettbewerb f\u00fcr Gruppen aus den Jahrg\u00e4ngen 6, 9 und 12.<\/p>\n","protected":false},"author":13,"featured_media":2532,"comment_status":"closed","ping_status":"closed","sticky":false,"template":"","format":"standard","meta":{"_crdt_document":"","footnotes":""},"categories":[1],"tags":[126,125],"class_list":["post-2531","post","type-post","status-publish","format-standard","has-post-thumbnail","hentry","category-allgemein","tag-chemie","tag-naturwissenschaften","entry"],"_links":{"self":[{"href":"https:\/\/mpg-do.de\/index.php?rest_route=\/wp\/v2\/posts\/2531","targetHints":{"allow":["GET"]}}],"collection":[{"href":"https:\/\/mpg-do.de\/index.php?rest_route=\/wp\/v2\/posts"}],"about":[{"href":"https:\/\/mpg-do.de\/index.php?rest_route=\/wp\/v2\/types\/post"}],"author":[{"embeddable":true,"href":"https:\/\/mpg-do.de\/index.php?rest_route=\/wp\/v2\/users\/13"}],"replies":[{"embeddable":true,"href":"https:\/\/mpg-do.de\/index.php?rest_route=%2Fwp%2Fv2%2Fcomments&post=2531"}],"version-history":[{"count":1,"href":"https:\/\/mpg-do.de\/index.php?rest_route=\/wp\/v2\/posts\/2531\/revisions"}],"predecessor-version":[{"id":2533,"href":"https:\/\/mpg-do.de\/index.php?rest_route=\/wp\/v2\/posts\/2531\/revisions\/2533"}],"wp:featuredmedia":[{"embeddable":true,"href":"https:\/\/mpg-do.de\/index.php?rest_route=\/wp\/v2\/media\/2532"}],"wp:attachment":[{"href":"https:\/\/mpg-do.de\/index.php?rest_route=%2Fwp%2Fv2%2Fmedia&parent=2531"}],"wp:term":[{"taxonomy":"category","embeddable":true,"href":"https:\/\/mpg-do.de\/index.php?rest_route=%2Fwp%2Fv2%2Fcategories&post=2531"},{"taxonomy":"post_tag","embeddable":true,"href":"https:\/\/mpg-do.de\/index.php?rest_route=%2Fwp%2Fv2%2Ftags&post=2531"}],"curies":[{"name":"wp","href":"https:\/\/api.w.org\/{rel}","templated":true}]}}