{"id":2534,"date":"2015-05-13T17:38:15","date_gmt":"2015-05-13T15:38:15","guid":{"rendered":"http:\/\/news.mpg-dortmund.de\/?p=2534"},"modified":"2016-11-17T07:57:43","modified_gmt":"2016-11-17T06:57:43","slug":"portugiesisch-pruefung-certificado-camoes-pioniere","status":"publish","type":"post","link":"https:\/\/mpg-do.de\/?p=2534","title":{"rendered":"Portugiesisch-Pr\u00fcfung Certificado Cam\u00f5es Pioniere!"},"content":{"rendered":"<p>Am 23.1. 2015 wurden 8 Sch\u00fclerinnen des MPG im portugiesischen Konsulat zu D\u00fcsseldorf von der Generalkonsulin Frau Maria Manuel Dur\u00e3o pers\u00f6nlich f\u00fcr die erfolgreich absolvierten Sprachpr\u00fcfungen geehrt. Hervorzuheben sind die Leistungen von Lea H., die das Sprachniveau C1 bescheinigt bekommen hat. Die Sprachpr\u00fcfung Cam\u00f5es wurde am MPG erstmals im Schuljahr 2013\/14 angeboten und findet fortan regelm\u00e4\u00dfig im Mai\/Juni statt. Wir hoffen auf viele weitere Absolventen in Zukunft. Traut euch!<\/p>\n","protected":false},"excerpt":{"rendered":"<p>Am 23.1. 2015 wurden 8 Sch\u00fclerinnen des MPG im portugiesischen Konsulat zu D\u00fcsseldorf von der Generalkonsulin Frau Maria Manuel Dur\u00e3o pers\u00f6nlich f\u00fcr die erfolgreich absolvierten Sprachpr\u00fcfungen geehrt. Hervorzuheben sind die Leistungen von Lea H., die das Sprachniveau C1 bescheinigt bekommen hat. Die Sprachpr\u00fcfung Cam\u00f5es wurde am MPG erstmals im Schuljahr 2013\/14 angeboten und findet fortan &hellip; <\/p>\n<p class=\"link-more\"><a href=\"https:\/\/mpg-do.de\/?p=2534\" class=\"more-link\"><span class=\"screen-reader-text\">\u201ePortugiesisch-Pr\u00fcfung Certificado Cam\u00f5es Pioniere!\u201c <\/span>weiterlesen<\/a><\/p>\n","protected":false},"author":13,"featured_media":0,"comment_status":"closed","ping_status":"closed","sticky":false,"template":"","format":"standard","meta":{"_crdt_document":"","footnotes":""},"categories":[1],"tags":[68,134],"class_list":["post-2534","post","type-post","status-publish","format-standard","hentry","category-allgemein","tag-portugiesisch","tag-sprachen","entry"],"_links":{"self":[{"href":"https:\/\/mpg-do.de\/index.php?rest_route=\/wp\/v2\/posts\/2534","targetHints":{"allow":["GET"]}}],"collection":[{"href":"https:\/\/mpg-do.de\/index.php?rest_route=\/wp\/v2\/posts"}],"about":[{"href":"https:\/\/mpg-do.de\/index.php?rest_route=\/wp\/v2\/types\/post"}],"author":[{"embeddable":true,"href":"https:\/\/mpg-do.de\/index.php?rest_route=\/wp\/v2\/users\/13"}],"replies":[{"embeddable":true,"href":"https:\/\/mpg-do.de\/index.php?rest_route=%2Fwp%2Fv2%2Fcomments&post=2534"}],"version-history":[{"count":1,"href":"https:\/\/mpg-do.de\/index.php?rest_route=\/wp\/v2\/posts\/2534\/revisions"}],"predecessor-version":[{"id":2535,"href":"https:\/\/mpg-do.de\/index.php?rest_route=\/wp\/v2\/posts\/2534\/revisions\/2535"}],"wp:attachment":[{"href":"https:\/\/mpg-do.de\/index.php?rest_route=%2Fwp%2Fv2%2Fmedia&parent=2534"}],"wp:term":[{"taxonomy":"category","embeddable":true,"href":"https:\/\/mpg-do.de\/index.php?rest_route=%2Fwp%2Fv2%2Fcategories&post=2534"},{"taxonomy":"post_tag","embeddable":true,"href":"https:\/\/mpg-do.de\/index.php?rest_route=%2Fwp%2Fv2%2Ftags&post=2534"}],"curies":[{"name":"wp","href":"https:\/\/api.w.org\/{rel}","templated":true}]}}