{"id":2988,"date":"2016-11-13T22:42:03","date_gmt":"2016-11-13T21:42:03","guid":{"rendered":"http:\/\/news.mpg-dortmund.de\/?p=2988"},"modified":"2016-11-15T16:26:54","modified_gmt":"2016-11-15T15:26:54","slug":"herbstlager-2016","status":"publish","type":"post","link":"https:\/\/mpg-do.de\/?p=2988","title":{"rendered":"Herbstlager 2016"},"content":{"rendered":"<p>F\u00fcr elf Sch\u00fclerinnen und Sch\u00fcler des MPGs sowie vier Begleiter begannen die Herbstferien in Delecke mit dem j\u00e4hrlichen Herbstlager der <a href=\"https:\/\/noobserver.de\/?project=rudern\">Ruderriege<\/a>. Eigentlich war es wie immer, sch\u00f6n wie immer! <!--more-->Sie ruderten bei sch\u00f6nem aber kaltem Herbstwetter \u00fcber den M\u00f6hnesee, stiegen auf den Aussichtsturm und genossen die Sicht auf See und Wald. Die Abende lie\u00dfen sie sich mit gemeinsamen Spielen nicht lang werden. Zum Abschluss gab es noch eine Ralley mit witzigen Aufgaben wie Blindverk\u00f6stigung oder Schokokuswettessen.<\/p>\n<p>Auch in dem Schulheim f\u00fchlten sie sich, wie auch in den letzten Jahren, sehr wohl. Das lag auch am Herbergsvater, der lustig war und sich f\u00fcrsorglich um alle gek\u00fcmmert hat. Aber Vorsicht! Er ist Fan der Blauen und versteht keinen Spa\u00df bei BVB-Fanartikeln\u2026 (Lea B.)<\/p>\n","protected":false},"excerpt":{"rendered":"<p>F\u00fcr elf Sch\u00fclerinnen und Sch\u00fcler des MPGs sowie vier Begleiter begannen die Herbstferien in Delecke mit dem j\u00e4hrlichen Herbstlager der Ruderriege. Eigentlich war es wie immer, sch\u00f6n wie immer!<\/p>\n","protected":false},"author":13,"featured_media":2995,"comment_status":"closed","ping_status":"closed","sticky":false,"template":"","format":"standard","meta":{"_crdt_document":"","footnotes":""},"categories":[1],"tags":[96,57],"class_list":["post-2988","post","type-post","status-publish","format-standard","has-post-thumbnail","hentry","category-allgemein","tag-rudern","tag-sport","entry"],"_links":{"self":[{"href":"https:\/\/mpg-do.de\/index.php?rest_route=\/wp\/v2\/posts\/2988","targetHints":{"allow":["GET"]}}],"collection":[{"href":"https:\/\/mpg-do.de\/index.php?rest_route=\/wp\/v2\/posts"}],"about":[{"href":"https:\/\/mpg-do.de\/index.php?rest_route=\/wp\/v2\/types\/post"}],"author":[{"embeddable":true,"href":"https:\/\/mpg-do.de\/index.php?rest_route=\/wp\/v2\/users\/13"}],"replies":[{"embeddable":true,"href":"https:\/\/mpg-do.de\/index.php?rest_route=%2Fwp%2Fv2%2Fcomments&post=2988"}],"version-history":[{"count":3,"href":"https:\/\/mpg-do.de\/index.php?rest_route=\/wp\/v2\/posts\/2988\/revisions"}],"predecessor-version":[{"id":3100,"href":"https:\/\/mpg-do.de\/index.php?rest_route=\/wp\/v2\/posts\/2988\/revisions\/3100"}],"wp:featuredmedia":[{"embeddable":true,"href":"https:\/\/mpg-do.de\/index.php?rest_route=\/wp\/v2\/media\/2995"}],"wp:attachment":[{"href":"https:\/\/mpg-do.de\/index.php?rest_route=%2Fwp%2Fv2%2Fmedia&parent=2988"}],"wp:term":[{"taxonomy":"category","embeddable":true,"href":"https:\/\/mpg-do.de\/index.php?rest_route=%2Fwp%2Fv2%2Fcategories&post=2988"},{"taxonomy":"post_tag","embeddable":true,"href":"https:\/\/mpg-do.de\/index.php?rest_route=%2Fwp%2Fv2%2Ftags&post=2988"}],"curies":[{"name":"wp","href":"https:\/\/api.w.org\/{rel}","templated":true}]}}