{"id":3237,"date":"2016-11-23T19:10:33","date_gmt":"2016-11-23T18:10:33","guid":{"rendered":"http:\/\/news.mpg-dortmund.de\/?p=3237"},"modified":"2016-11-24T14:23:47","modified_gmt":"2016-11-24T13:23:47","slug":"rueckblick-auf-den-tag-der-offenen-tuer","status":"publish","type":"post","link":"https:\/\/mpg-do.de\/?p=3237","title":{"rendered":"R\u00fcckblick auf den Tag der offenen T\u00fcr"},"content":{"rendered":"<p>Der Tag der offenen T\u00fcr war ein voller Erfolg!\u00a0G\u00e4ste des MPGs konnten sich dank des gro\u00dfen Engagements\u00a0von Eltern, Sch\u00fcler_innen und Kolleg_innen ein umfassendes Bild von unserer Schule machen. <!--more-->Verschiedene Pr\u00e4sentationen, Informationsst\u00e4nde, die Vorstellung einzelner Projekte, offener Unterricht sowie die Teilnahme an sch\u00fclergeleiteten F\u00fchrungen gew\u00e4hrten einen Einblick in unsere vielf\u00e4ltige Schule.<\/p>\n","protected":false},"excerpt":{"rendered":"<p>Der Tag der offenen T\u00fcr war ein voller Erfolg!\u00a0G\u00e4ste des MPGs konnten sich dank des gro\u00dfen Engagements\u00a0von Eltern, Sch\u00fcler_innen und Kolleg_innen ein umfassendes Bild von unserer Schule machen.<\/p>\n","protected":false},"author":13,"featured_media":3193,"comment_status":"closed","ping_status":"closed","sticky":false,"template":"","format":"gallery","meta":{"_crdt_document":"","footnotes":""},"categories":[1],"tags":[171],"class_list":["post-3237","post","type-post","status-publish","format-gallery","has-post-thumbnail","hentry","category-allgemein","tag-tag-der-offenen-tuer","post_format-post-format-gallery","entry"],"_links":{"self":[{"href":"https:\/\/mpg-do.de\/index.php?rest_route=\/wp\/v2\/posts\/3237","targetHints":{"allow":["GET"]}}],"collection":[{"href":"https:\/\/mpg-do.de\/index.php?rest_route=\/wp\/v2\/posts"}],"about":[{"href":"https:\/\/mpg-do.de\/index.php?rest_route=\/wp\/v2\/types\/post"}],"author":[{"embeddable":true,"href":"https:\/\/mpg-do.de\/index.php?rest_route=\/wp\/v2\/users\/13"}],"replies":[{"embeddable":true,"href":"https:\/\/mpg-do.de\/index.php?rest_route=%2Fwp%2Fv2%2Fcomments&post=3237"}],"version-history":[{"count":4,"href":"https:\/\/mpg-do.de\/index.php?rest_route=\/wp\/v2\/posts\/3237\/revisions"}],"predecessor-version":[{"id":3282,"href":"https:\/\/mpg-do.de\/index.php?rest_route=\/wp\/v2\/posts\/3237\/revisions\/3282"}],"wp:featuredmedia":[{"embeddable":true,"href":"https:\/\/mpg-do.de\/index.php?rest_route=\/wp\/v2\/media\/3193"}],"wp:attachment":[{"href":"https:\/\/mpg-do.de\/index.php?rest_route=%2Fwp%2Fv2%2Fmedia&parent=3237"}],"wp:term":[{"taxonomy":"category","embeddable":true,"href":"https:\/\/mpg-do.de\/index.php?rest_route=%2Fwp%2Fv2%2Fcategories&post=3237"},{"taxonomy":"post_tag","embeddable":true,"href":"https:\/\/mpg-do.de\/index.php?rest_route=%2Fwp%2Fv2%2Ftags&post=3237"}],"curies":[{"name":"wp","href":"https:\/\/api.w.org\/{rel}","templated":true}]}}