{"id":3388,"date":"2016-12-07T12:27:02","date_gmt":"2016-12-07T11:27:02","guid":{"rendered":"http:\/\/news.mpg-dortmund.de\/?p=3388"},"modified":"2017-05-26T17:43:00","modified_gmt":"2017-05-26T15:43:00","slug":"strassburg","status":"publish","type":"post","link":"https:\/\/mpg-do.de\/?p=3388","title":{"rendered":"Stra\u00dfburg"},"content":{"rendered":"<p>16 Sch\u00fcler_innen sind mit Frau Heider und Herrn K\u00f6nig nach Stra\u00dfburg gefahren: Gemeinsam haben wir uns an der weihnachtlichen Stimmung im Herzen Europas erfreut, deutsch-franz\u00f6sische Berufsbilder und Studieng\u00e4nge kennengelernt &#8211; vor allem aber konnten wir den europ\u00e4ischen Geist einatmen und haben vor Ihn hier am MPG lebendig zu halten.<\/p>\n","protected":false},"excerpt":{"rendered":"<p>16 Sch\u00fcler_innen sind mit Frau Heider und Herrn K\u00f6nig nach Stra\u00dfburg gefahren: Gemeinsam haben wir uns an der weihnachtlichen Stimmung im Herzen Europas erfreut, deutsch-franz\u00f6sische Berufsbilder und Studieng\u00e4nge kennengelernt &#8211; vor allem aber konnten wir den europ\u00e4ischen Geist einatmen und haben vor Ihn hier am MPG lebendig zu halten.<\/p>\n","protected":false},"author":13,"featured_media":3389,"comment_status":"closed","ping_status":"closed","sticky":false,"template":"","format":"standard","meta":{"_crdt_document":"","footnotes":""},"categories":[1],"tags":[175,179,133],"class_list":["post-3388","post","type-post","status-publish","format-standard","has-post-thumbnail","hentry","category-allgemein","tag-ausland","tag-bilingualer-zweig","tag-franzoesisch","entry"],"_links":{"self":[{"href":"https:\/\/mpg-do.de\/index.php?rest_route=\/wp\/v2\/posts\/3388","targetHints":{"allow":["GET"]}}],"collection":[{"href":"https:\/\/mpg-do.de\/index.php?rest_route=\/wp\/v2\/posts"}],"about":[{"href":"https:\/\/mpg-do.de\/index.php?rest_route=\/wp\/v2\/types\/post"}],"author":[{"embeddable":true,"href":"https:\/\/mpg-do.de\/index.php?rest_route=\/wp\/v2\/users\/13"}],"replies":[{"embeddable":true,"href":"https:\/\/mpg-do.de\/index.php?rest_route=%2Fwp%2Fv2%2Fcomments&post=3388"}],"version-history":[{"count":1,"href":"https:\/\/mpg-do.de\/index.php?rest_route=\/wp\/v2\/posts\/3388\/revisions"}],"predecessor-version":[{"id":3390,"href":"https:\/\/mpg-do.de\/index.php?rest_route=\/wp\/v2\/posts\/3388\/revisions\/3390"}],"wp:featuredmedia":[{"embeddable":true,"href":"https:\/\/mpg-do.de\/index.php?rest_route=\/wp\/v2\/media\/3389"}],"wp:attachment":[{"href":"https:\/\/mpg-do.de\/index.php?rest_route=%2Fwp%2Fv2%2Fmedia&parent=3388"}],"wp:term":[{"taxonomy":"category","embeddable":true,"href":"https:\/\/mpg-do.de\/index.php?rest_route=%2Fwp%2Fv2%2Fcategories&post=3388"},{"taxonomy":"post_tag","embeddable":true,"href":"https:\/\/mpg-do.de\/index.php?rest_route=%2Fwp%2Fv2%2Ftags&post=3388"}],"curies":[{"name":"wp","href":"https:\/\/api.w.org\/{rel}","templated":true}]}}