{"id":3393,"date":"2016-12-07T11:38:49","date_gmt":"2016-12-07T10:38:49","guid":{"rendered":"http:\/\/news.mpg-dortmund.de\/?p=3393"},"modified":"2016-12-07T12:26:14","modified_gmt":"2016-12-07T11:26:14","slug":"handy-bald-nach-6-stunde-erlaubt","status":"publish","type":"post","link":"https:\/\/mpg-do.de\/?p=3393","title":{"rendered":"Handy bald nach 6. Stunde erlaubt?"},"content":{"rendered":"<p>Ein Antrag der Sch\u00fclerschaft hat eine erste H\u00fcrde genommen. Die Lehrerkonferenz bef\u00fcrwortet mehrheitlich die Idee, dass Sch\u00fcler_innen nach der sechsten Stunde ihre Handys benutzen d\u00fcrfen. Das Fotografieren und Filmen ohne ausdr\u00fcckliche Erlaubnis soll weiterhin untersagt bleiben.<!--more--><\/p>\n<p>Die Klassenpflegschaften und die Schulpflegschaft werden ebenfalls \u00fcber den Antrag beraten. Die endg\u00fcltige Entscheidung trifft die Schulkonferenz im Laufe des zweiten Halbjahres. Bis dahin d\u00fcrfen Handys wie gehabt nur au\u00dferhalb des Schulgel\u00e4ndes verwendet werden.<\/p>\n","protected":false},"excerpt":{"rendered":"<p>Ein Antrag der Sch\u00fclerschaft hat eine erste H\u00fcrde genommen. Die Lehrerkonferenz bef\u00fcrwortet mehrheitlich die Idee, dass Sch\u00fcler_innen nach der sechsten Stunde ihre Handys benutzen d\u00fcrfen. Das Fotografieren und Filmen ohne ausdr\u00fcckliche Erlaubnis soll weiterhin untersagt bleiben.<\/p>\n","protected":false},"author":13,"featured_media":0,"comment_status":"closed","ping_status":"closed","sticky":false,"template":"","format":"standard","meta":{"_crdt_document":"","footnotes":""},"categories":[1],"tags":[],"class_list":["post-3393","post","type-post","status-publish","format-standard","hentry","category-allgemein","entry"],"_links":{"self":[{"href":"https:\/\/mpg-do.de\/index.php?rest_route=\/wp\/v2\/posts\/3393","targetHints":{"allow":["GET"]}}],"collection":[{"href":"https:\/\/mpg-do.de\/index.php?rest_route=\/wp\/v2\/posts"}],"about":[{"href":"https:\/\/mpg-do.de\/index.php?rest_route=\/wp\/v2\/types\/post"}],"author":[{"embeddable":true,"href":"https:\/\/mpg-do.de\/index.php?rest_route=\/wp\/v2\/users\/13"}],"replies":[{"embeddable":true,"href":"https:\/\/mpg-do.de\/index.php?rest_route=%2Fwp%2Fv2%2Fcomments&post=3393"}],"version-history":[{"count":2,"href":"https:\/\/mpg-do.de\/index.php?rest_route=\/wp\/v2\/posts\/3393\/revisions"}],"predecessor-version":[{"id":3396,"href":"https:\/\/mpg-do.de\/index.php?rest_route=\/wp\/v2\/posts\/3393\/revisions\/3396"}],"wp:attachment":[{"href":"https:\/\/mpg-do.de\/index.php?rest_route=%2Fwp%2Fv2%2Fmedia&parent=3393"}],"wp:term":[{"taxonomy":"category","embeddable":true,"href":"https:\/\/mpg-do.de\/index.php?rest_route=%2Fwp%2Fv2%2Fcategories&post=3393"},{"taxonomy":"post_tag","embeddable":true,"href":"https:\/\/mpg-do.de\/index.php?rest_route=%2Fwp%2Fv2%2Ftags&post=3393"}],"curies":[{"name":"wp","href":"https:\/\/api.w.org\/{rel}","templated":true}]}}