{"id":3464,"date":"2016-12-21T21:51:44","date_gmt":"2016-12-21T20:51:44","guid":{"rendered":"http:\/\/news.mpg-dortmund.de\/?p=3464"},"modified":"2016-12-21T22:07:45","modified_gmt":"2016-12-21T21:07:45","slug":"der-foerderverein-sagt-dankeschoen","status":"publish","type":"post","link":"https:\/\/mpg-do.de\/?p=3464","title":{"rendered":"Der F\u00f6rderverein sagt Dankesch\u00f6n!"},"content":{"rendered":"<p>Sehr geehrte Eltern! Wir bedanken uns ganz herzlich f\u00fcr die zahlreichen kulinarischen K\u00f6stlichkeiten, welche Sie zu unserem Buffet beim diesj\u00e4hrigen Weihnachtskonzert beigesteuert haben. Unser Dank gilt auch den flei\u00dfigen Helfern beim Verkauf am Stand des F\u00f6rdervereins. So konnten wir ein gelungenes Weihnachtskonzert abrunden. Ohne diese tolle Einsatzbereitschaft Ihrerseits w\u00e4re das nicht m\u00f6glich gewesen.<\/p>\n<p>Durch den Verkauf der gespendeten Leckereien konnten wir ca. 508,00\u20ac einnehmen. Dieses Geld k\u00f6nnen wir jetzt ganz im Sinne Ihrer Kinder bei unseren n\u00e4chsten Projekten einsetzen. Gerne m\u00f6chte sich der F\u00f6rderverein bei der Neugestaltung des Schulhofs mit einbringen. Hier ergeben sich dann bestimmt vielf\u00e4ltige Verwendungszwecke.<\/p>\n<p>Das Team vom F\u00f6rderverein w\u00fcnscht Ihnen und Ihren Familien ein sch\u00f6nes Weihnachtsfest und ein gl\u00fcckliches Jahr 2017!!!! Auf weitere gemeinsame Projekte des F\u00f6rdervereins und der Elternschaft freut sich das Team des F\u00f6rdervereins.<\/p>\n<p>(Verein der Freunde und F\u00f6rderer des Max-Planck-Gymnasiums Dortmund e.V)<\/p>\n","protected":false},"excerpt":{"rendered":"<p>Sehr geehrte Eltern! Wir bedanken uns ganz herzlich f\u00fcr die zahlreichen kulinarischen K\u00f6stlichkeiten, welche Sie zu unserem Buffet beim diesj\u00e4hrigen Weihnachtskonzert beigesteuert haben. Unser Dank gilt auch den flei\u00dfigen Helfern beim Verkauf am Stand des F\u00f6rdervereins. So konnten wir ein gelungenes Weihnachtskonzert abrunden. Ohne diese tolle Einsatzbereitschaft Ihrerseits w\u00e4re das nicht m\u00f6glich gewesen. Durch den &hellip; <\/p>\n<p class=\"link-more\"><a href=\"https:\/\/mpg-do.de\/?p=3464\" class=\"more-link\"><span class=\"screen-reader-text\">\u201eDer F\u00f6rderverein sagt Dankesch\u00f6n!\u201c <\/span>weiterlesen<\/a><\/p>\n","protected":false},"author":13,"featured_media":3467,"comment_status":"closed","ping_status":"closed","sticky":false,"template":"","format":"standard","meta":{"_crdt_document":"","footnotes":""},"categories":[1],"tags":[95],"class_list":["post-3464","post","type-post","status-publish","format-standard","has-post-thumbnail","hentry","category-allgemein","tag-foerderverein","entry"],"_links":{"self":[{"href":"https:\/\/mpg-do.de\/index.php?rest_route=\/wp\/v2\/posts\/3464","targetHints":{"allow":["GET"]}}],"collection":[{"href":"https:\/\/mpg-do.de\/index.php?rest_route=\/wp\/v2\/posts"}],"about":[{"href":"https:\/\/mpg-do.de\/index.php?rest_route=\/wp\/v2\/types\/post"}],"author":[{"embeddable":true,"href":"https:\/\/mpg-do.de\/index.php?rest_route=\/wp\/v2\/users\/13"}],"replies":[{"embeddable":true,"href":"https:\/\/mpg-do.de\/index.php?rest_route=%2Fwp%2Fv2%2Fcomments&post=3464"}],"version-history":[{"count":2,"href":"https:\/\/mpg-do.de\/index.php?rest_route=\/wp\/v2\/posts\/3464\/revisions"}],"predecessor-version":[{"id":3466,"href":"https:\/\/mpg-do.de\/index.php?rest_route=\/wp\/v2\/posts\/3464\/revisions\/3466"}],"wp:featuredmedia":[{"embeddable":true,"href":"https:\/\/mpg-do.de\/index.php?rest_route=\/wp\/v2\/media\/3467"}],"wp:attachment":[{"href":"https:\/\/mpg-do.de\/index.php?rest_route=%2Fwp%2Fv2%2Fmedia&parent=3464"}],"wp:term":[{"taxonomy":"category","embeddable":true,"href":"https:\/\/mpg-do.de\/index.php?rest_route=%2Fwp%2Fv2%2Fcategories&post=3464"},{"taxonomy":"post_tag","embeddable":true,"href":"https:\/\/mpg-do.de\/index.php?rest_route=%2Fwp%2Fv2%2Ftags&post=3464"}],"curies":[{"name":"wp","href":"https:\/\/api.w.org\/{rel}","templated":true}]}}