{"id":3527,"date":"2017-01-20T11:15:50","date_gmt":"2017-01-20T10:15:50","guid":{"rendered":"http:\/\/news.mpg-dortmund.de\/?p=3527"},"modified":"2017-01-25T12:28:55","modified_gmt":"2017-01-25T11:28:55","slug":"brasilianer-im-schnee","status":"publish","type":"post","link":"https:\/\/mpg-do.de\/?p=3527","title":{"rendered":"Brasilianer im Schnee"},"content":{"rendered":"<p>Unsere brasilianische Delegation aus Sao Paulo wurde herzlich von unserer Kanzlerin empfangen. ? Schneetreiben und K\u00e4lte k\u00f6nnen dieses f\u00fcr die Sch\u00fclerinnen historische Ereignis nicht tr\u00fcben. &#8222;Es ist das erste Mal in meinem Leben, dass ich Schnee vom Himmel fallen sehe. Ich freue mich so sehr &#8222;, sagt Clarissa. <\/p>\n<p><a href=\"https:\/\/noobserver.de\/wp-content\/uploads\/2017\/01\/IMG_6924.jpg\"><img loading=\"lazy\" decoding=\"async\" src=\"https:\/\/noobserver.de\/wp-content\/uploads\/2017\/01\/IMG_6924.jpg\" alt=\"\" width=\"640\" height=\"480\" class=\"alignnone size-full wp-image-3529\" srcset=\"https:\/\/mpg-do.de\/wp-content\/uploads\/2017\/01\/IMG_6924.jpg 640w, https:\/\/mpg-do.de\/wp-content\/uploads\/2017\/01\/IMG_6924-120x90.jpg 120w, https:\/\/mpg-do.de\/wp-content\/uploads\/2017\/01\/IMG_6924-300x225.jpg 300w, https:\/\/mpg-do.de\/wp-content\/uploads\/2017\/01\/IMG_6924-600x450.jpg 600w, https:\/\/mpg-do.de\/wp-content\/uploads\/2017\/01\/IMG_6924-64x48.jpg 64w, https:\/\/mpg-do.de\/wp-content\/uploads\/2017\/01\/IMG_6924-260x195.jpg 260w\" sizes=\"auto, (max-width: 640px) 100vw, 640px\" \/><\/a><\/p>\n","protected":false},"excerpt":{"rendered":"<p>Unsere brasilianische Delegation aus Sao Paulo wurde herzlich von unserer Kanzlerin empfangen. ? Schneetreiben und K\u00e4lte k\u00f6nnen dieses f\u00fcr die Sch\u00fclerinnen historische Ereignis nicht tr\u00fcben. &#8222;Es ist das erste Mal in meinem Leben, dass ich Schnee vom Himmel fallen sehe. Ich freue mich so sehr &#8222;, sagt Clarissa.<\/p>\n","protected":false},"author":13,"featured_media":3528,"comment_status":"closed","ping_status":"closed","sticky":false,"template":"","format":"standard","meta":{"_crdt_document":"","footnotes":""},"categories":[1],"tags":[147,68],"class_list":["post-3527","post","type-post","status-publish","format-standard","has-post-thumbnail","hentry","category-allgemein","tag-austausch","tag-portugiesisch","entry"],"_links":{"self":[{"href":"https:\/\/mpg-do.de\/index.php?rest_route=\/wp\/v2\/posts\/3527","targetHints":{"allow":["GET"]}}],"collection":[{"href":"https:\/\/mpg-do.de\/index.php?rest_route=\/wp\/v2\/posts"}],"about":[{"href":"https:\/\/mpg-do.de\/index.php?rest_route=\/wp\/v2\/types\/post"}],"author":[{"embeddable":true,"href":"https:\/\/mpg-do.de\/index.php?rest_route=\/wp\/v2\/users\/13"}],"replies":[{"embeddable":true,"href":"https:\/\/mpg-do.de\/index.php?rest_route=%2Fwp%2Fv2%2Fcomments&post=3527"}],"version-history":[{"count":2,"href":"https:\/\/mpg-do.de\/index.php?rest_route=\/wp\/v2\/posts\/3527\/revisions"}],"predecessor-version":[{"id":3533,"href":"https:\/\/mpg-do.de\/index.php?rest_route=\/wp\/v2\/posts\/3527\/revisions\/3533"}],"wp:featuredmedia":[{"embeddable":true,"href":"https:\/\/mpg-do.de\/index.php?rest_route=\/wp\/v2\/media\/3528"}],"wp:attachment":[{"href":"https:\/\/mpg-do.de\/index.php?rest_route=%2Fwp%2Fv2%2Fmedia&parent=3527"}],"wp:term":[{"taxonomy":"category","embeddable":true,"href":"https:\/\/mpg-do.de\/index.php?rest_route=%2Fwp%2Fv2%2Fcategories&post=3527"},{"taxonomy":"post_tag","embeddable":true,"href":"https:\/\/mpg-do.de\/index.php?rest_route=%2Fwp%2Fv2%2Ftags&post=3527"}],"curies":[{"name":"wp","href":"https:\/\/api.w.org\/{rel}","templated":true}]}}