{"id":4202,"date":"2017-09-13T18:40:50","date_gmt":"2017-09-13T16:40:50","guid":{"rendered":"http:\/\/news.mpg-dortmund.de\/?p=4202"},"modified":"2021-10-06T22:09:45","modified_gmt":"2021-10-06T20:09:45","slug":"spende-fuer-kinderhospiz","status":"publish","type":"post","link":"https:\/\/mpg-do.de\/?p=4202","title":{"rendered":"Spende f\u00fcr Kinderhospiz"},"content":{"rendered":"<p>Eine Spende in H\u00f6he von 900 Euro konnte Frau Baumgart heute an das Kinderhospiz in Witten-Herbede \u00fcbergeben. Sch\u00fcler_innen aller Jahrgangsstufen hatten daf\u00fcr in den letzten zwei Jahren Pfandflaschen in der Schule gesammelt. Damit noch mehr Flaschen zusammenkommen, haben wir jetzt an mehreren Orten der Schule Sammelkisten aufgestellt. Jede Flasche z\u00e4hlt!<!--more--><\/p>\n<p><a href=\"..\/wp-content\/uploads\/2017\/09\/Hospiz-Flaschen-Sammlung-kleiner-ver\u00e4ndert.jpg\"><img loading=\"lazy\" decoding=\"async\" class=\"alignnone wp-image-4204 size-full\" src=\"https:\/\/mpg-do.de\/wp-content\/uploads\/2017\/09\/Hospiz-Flaschen-Sammlung-kleiner-ver\u00e4ndert.jpg\" alt=\"\" width=\"1322\" height=\"927\" srcset=\"https:\/\/mpg-do.de\/wp-content\/uploads\/2017\/09\/Hospiz-Flaschen-Sammlung-kleiner-ver\u00e4ndert.jpg 1322w, https:\/\/mpg-do.de\/wp-content\/uploads\/2017\/09\/Hospiz-Flaschen-Sammlung-kleiner-ver\u00e4ndert-300x210.jpg 300w, https:\/\/mpg-do.de\/wp-content\/uploads\/2017\/09\/Hospiz-Flaschen-Sammlung-kleiner-ver\u00e4ndert-768x539.jpg 768w, https:\/\/mpg-do.de\/wp-content\/uploads\/2017\/09\/Hospiz-Flaschen-Sammlung-kleiner-ver\u00e4ndert-1024x718.jpg 1024w, https:\/\/mpg-do.de\/wp-content\/uploads\/2017\/09\/Hospiz-Flaschen-Sammlung-kleiner-ver\u00e4ndert-600x421.jpg 600w, https:\/\/mpg-do.de\/wp-content\/uploads\/2017\/09\/Hospiz-Flaschen-Sammlung-kleiner-ver\u00e4ndert-64x45.jpg 64w, https:\/\/mpg-do.de\/wp-content\/uploads\/2017\/09\/Hospiz-Flaschen-Sammlung-kleiner-ver\u00e4ndert-260x182.jpg 260w\" sizes=\"auto, (max-width: 1322px) 100vw, 1322px\" \/><\/a><\/p>\n","protected":false},"excerpt":{"rendered":"<p>Eine Spende in H\u00f6he von 900 Euro konnte Frau Baumgart heute an das Kinderhospiz in Witten-Herbede \u00fcbergeben. Sch\u00fcler_innen aller Jahrgangsstufen hatten daf\u00fcr in den letzten zwei Jahren Pfandflaschen in der Schule gesammelt. Damit noch mehr Flaschen zusammenkommen, haben wir jetzt an mehreren Orten der Schule Sammelkisten aufgestellt. Jede Flasche z\u00e4hlt!<\/p>\n","protected":false},"author":1,"featured_media":4203,"comment_status":"closed","ping_status":"closed","sticky":false,"template":"","format":"standard","meta":{"_crdt_document":"","footnotes":""},"categories":[1],"tags":[],"class_list":["post-4202","post","type-post","status-publish","format-standard","has-post-thumbnail","hentry","category-allgemein","entry"],"_links":{"self":[{"href":"https:\/\/mpg-do.de\/index.php?rest_route=\/wp\/v2\/posts\/4202","targetHints":{"allow":["GET"]}}],"collection":[{"href":"https:\/\/mpg-do.de\/index.php?rest_route=\/wp\/v2\/posts"}],"about":[{"href":"https:\/\/mpg-do.de\/index.php?rest_route=\/wp\/v2\/types\/post"}],"author":[{"embeddable":true,"href":"https:\/\/mpg-do.de\/index.php?rest_route=\/wp\/v2\/users\/1"}],"replies":[{"embeddable":true,"href":"https:\/\/mpg-do.de\/index.php?rest_route=%2Fwp%2Fv2%2Fcomments&post=4202"}],"version-history":[{"count":4,"href":"https:\/\/mpg-do.de\/index.php?rest_route=\/wp\/v2\/posts\/4202\/revisions"}],"predecessor-version":[{"id":10244,"href":"https:\/\/mpg-do.de\/index.php?rest_route=\/wp\/v2\/posts\/4202\/revisions\/10244"}],"wp:featuredmedia":[{"embeddable":true,"href":"https:\/\/mpg-do.de\/index.php?rest_route=\/wp\/v2\/media\/4203"}],"wp:attachment":[{"href":"https:\/\/mpg-do.de\/index.php?rest_route=%2Fwp%2Fv2%2Fmedia&parent=4202"}],"wp:term":[{"taxonomy":"category","embeddable":true,"href":"https:\/\/mpg-do.de\/index.php?rest_route=%2Fwp%2Fv2%2Fcategories&post=4202"},{"taxonomy":"post_tag","embeddable":true,"href":"https:\/\/mpg-do.de\/index.php?rest_route=%2Fwp%2Fv2%2Ftags&post=4202"}],"curies":[{"name":"wp","href":"https:\/\/api.w.org\/{rel}","templated":true}]}}