{"id":4211,"date":"2017-09-14T12:04:32","date_gmt":"2017-09-14T10:04:32","guid":{"rendered":"http:\/\/news.mpg-dortmund.de\/?p=4211"},"modified":"2017-09-15T17:03:34","modified_gmt":"2017-09-15T15:03:34","slug":"gruss-der-schulleitung-2","status":"publish","type":"post","link":"https:\/\/mpg-do.de\/?p=4211","title":{"rendered":"Gru\u00df der Schulleitung"},"content":{"rendered":"<p>Liebe Sch\u00fclerinnen und Sch\u00fcler, liebe Eltern, liebe Kolleginnen und Kollegen, liebe Mitarbeitende,<\/p>\n<p>Ihnen, euch und uns miteinander w\u00fcnsche ich einen guten Start in das Schuljahr 2017\/18.<\/p>\n<p><!--more--><\/p>\n<p>Miteinander den Lebensraum Max-Planck-Gymnasium attraktiv zu gestalten, damit sich alle hier arbeitenden Menschen wohlf\u00fchlen und damit ihr als unsere Sch\u00fcler_innen euch in euren F\u00e4higkeiten, Kompetenzen und M\u00f6glichkeiten entfalten und Etappe f\u00fcr Etappe den angestrebten Abschluss erreichen k\u00f6nnt, das ist unser Ziel.<\/p>\n<p>Ich freue mich, mit Ihnen und euch als engagierten Kolleg_innen, Mitarbeitenden, Eltern, Sch\u00fcler_innen, dieses Ziel anzustreben und zu erreichen.<\/p>\n<p><a href=\"https:\/\/noobserver.de\/wp-content\/uploads\/2016\/10\/mpg-dortmund-slider-5-kollegium-1.jpg\"><img loading=\"lazy\" decoding=\"async\" class=\"alignnone size-full wp-image-4185\" src=\"https:\/\/noobserver.de\/wp-content\/uploads\/2016\/10\/mpg-dortmund-slider-5-kollegium-1.jpg\" alt=\"\" width=\"2880\" height=\"1000\" srcset=\"https:\/\/mpg-do.de\/wp-content\/uploads\/2016\/10\/mpg-dortmund-slider-5-kollegium-1.jpg 2880w, https:\/\/mpg-do.de\/wp-content\/uploads\/2016\/10\/mpg-dortmund-slider-5-kollegium-1-300x104.jpg 300w, https:\/\/mpg-do.de\/wp-content\/uploads\/2016\/10\/mpg-dortmund-slider-5-kollegium-1-768x267.jpg 768w, https:\/\/mpg-do.de\/wp-content\/uploads\/2016\/10\/mpg-dortmund-slider-5-kollegium-1-1024x356.jpg 1024w, https:\/\/mpg-do.de\/wp-content\/uploads\/2016\/10\/mpg-dortmund-slider-5-kollegium-1-600x208.jpg 600w, https:\/\/mpg-do.de\/wp-content\/uploads\/2016\/10\/mpg-dortmund-slider-5-kollegium-1-64x22.jpg 64w, https:\/\/mpg-do.de\/wp-content\/uploads\/2016\/10\/mpg-dortmund-slider-5-kollegium-1-260x90.jpg 260w\" sizes=\"auto, (max-width: 2880px) 100vw, 2880px\" \/><\/a><br \/>\nDie vielf\u00e4ltigen Projekte unserer Schule, das breite Unterrichtsangebot und die au\u00dferunterrichtlichen Aktivit\u00e4ten sind daf\u00fcr die wertvolle und tragf\u00e4hige Basis, die auf das Knowhow und die Motivation einzelner Menschen oder von Teams angewiesen ist. Beispielhaft nenne ich einige Eckpunkte unseres Schullebens, die nachhaltige Wirkung haben.<\/p>\n<p>Im Juni konnten wir das <a href=\"https:\/\/noobserver.de\/?p=3974\">25j\u00e4hrige Jubil\u00e4um des deutsch-franz\u00f6sischen bilingualen Zweiges<\/a> in einem bunten und w\u00fcrdigen Rahmen feiern und dabei G\u00e4ste aus der Politik, der Bezirksregierung, von unseren Partnerorganisationen und aus unseren Partnerschulen sowie ehemalige Kolleg_innen und Sch\u00fcler_innen begr\u00fc\u00dfen und dabei die erfolgreich absolvierte AbiBac-Pr\u00fcfung einiger Sch\u00fcler_innen (Doppelqualifikation deutsches und franz\u00f6sisches Abitur) feiern. Franz\u00f6sisch als Weltsprache zu erlernen, die den Weg in eine erfolgreiche berufliche Laufbahn er\u00f6ffnet, und als Kultur- und Begegnungssprache \u2013 das bew\u00e4hrt sich.<\/p>\n<p><a href=\"https:\/\/noobserver.de\/?p=3974\"><img loading=\"lazy\" decoding=\"async\" class=\"alignnone size-full wp-image-3973\" src=\"https:\/\/noobserver.de\/wp-content\/uploads\/2017\/06\/img_8281.jpg\" alt=\"\" width=\"3264\" height=\"2448\" srcset=\"https:\/\/mpg-do.de\/wp-content\/uploads\/2017\/06\/img_8281.jpg 3264w, https:\/\/mpg-do.de\/wp-content\/uploads\/2017\/06\/img_8281-120x90.jpg 120w, https:\/\/mpg-do.de\/wp-content\/uploads\/2017\/06\/img_8281-300x225.jpg 300w, https:\/\/mpg-do.de\/wp-content\/uploads\/2017\/06\/img_8281-768x576.jpg 768w, https:\/\/mpg-do.de\/wp-content\/uploads\/2017\/06\/img_8281-1024x768.jpg 1024w, https:\/\/mpg-do.de\/wp-content\/uploads\/2017\/06\/img_8281-600x450.jpg 600w, https:\/\/mpg-do.de\/wp-content\/uploads\/2017\/06\/img_8281-64x48.jpg 64w, https:\/\/mpg-do.de\/wp-content\/uploads\/2017\/06\/img_8281-260x195.jpg 260w\" sizes=\"auto, (max-width: 3264px) 100vw, 3264px\" \/><\/a><br \/>\nDer Dortmunder Schulentwicklungsfonds zur F\u00f6rderung innovativer Projekte hat im Juni 2016 unser Projekt \u201eCourage zeigen \u2013 Miteinander Perspektiven Gewinnen \u2013 MPG!\u201c als sehr erfolgversprechend gew\u00fcrdigt und mit F\u00f6rdergeldern bedacht. Dieses Projekt b\u00fcndelt die verschiedenen Aktivit\u00e4ten unserer Schule als <a href=\"https:\/\/noobserver.de\/?project=mpcourage\">Schule ohne Rassismus \u2013 Schule mit Courage<\/a> und als Schule der Vielfalt.<\/p>\n<p>Ein besonderes Highlight des Schuljahres war der von der MP CourAGe organisierte Tag \u201eBunt statt Braun\u201c. In Anlehnung an das indische Holi-Festival bewerfen sich die Beteiligten mit bunten Farbbeuteln und feiern ein von Musik begleitetes Fest. Vielfalt und Toleranz \u2013 das kommt zum Ausdruck!<\/p>\n<p><a href=\"https:\/\/noobserver.de\/?p=3682\"><img loading=\"lazy\" decoding=\"async\" class=\"alignnone size-full wp-image-3727\" src=\"https:\/\/noobserver.de\/wp-content\/uploads\/2017\/03\/IMG_7159x.jpg\" alt=\"\" width=\"4272\" height=\"2848\" srcset=\"https:\/\/mpg-do.de\/wp-content\/uploads\/2017\/03\/IMG_7159x.jpg 4272w, https:\/\/mpg-do.de\/wp-content\/uploads\/2017\/03\/IMG_7159x-300x200.jpg 300w, https:\/\/mpg-do.de\/wp-content\/uploads\/2017\/03\/IMG_7159x-768x512.jpg 768w, https:\/\/mpg-do.de\/wp-content\/uploads\/2017\/03\/IMG_7159x-1024x683.jpg 1024w, https:\/\/mpg-do.de\/wp-content\/uploads\/2017\/03\/IMG_7159x-600x400.jpg 600w, https:\/\/mpg-do.de\/wp-content\/uploads\/2017\/03\/IMG_7159x-64x43.jpg 64w, https:\/\/mpg-do.de\/wp-content\/uploads\/2017\/03\/IMG_7159x-260x173.jpg 260w\" sizes=\"auto, (max-width: 4272px) 100vw, 4272px\" \/><\/a><br \/>\nDie im Juli durchgef\u00fchrten Projekttage standen unter dem Motto des MPG \u201eMiteinander Perspektiven Gewinnen!\u201c, das das soziale Engagement der Sch\u00fcler_innen und Kolleg_innen widerspiegelt.<\/p>\n<p>Der \u00dcbergang von Schule ins Studium, in Ausbildung und ins Berufsleben wird von vielen als immer komplexer und schwieriger angesehen, so dass wir unseren Sch\u00fcler_innen kontinuierlich M\u00f6glichkeiten zur Wahrnehmung der eigenen ausbildungs- und berufsbezogenen St\u00e4rken anbieten. Ab Jahrgangsstufe 8 bis zum Abitur nehmen unsere Sch\u00fcler_innen verpflichtend an Modulen zur <a href=\"https:\/\/noobserver.de\/?page_id=1200\">Berufsorientierung<\/a> teil. Im Rahmen der Berufspraktika in Jahrgangsstufe 9 f\u00f6rdern wir insbesondere auch die Teilnahme an Auslandspraktika.<\/p>\n<p>Unsere Sch\u00fcler_innen weisen in vielen Disziplinen beachtliche <a href=\"https:\/\/noobserver.de\/?project=sport\">sportliche Erfolge<\/a> auf. Exemplarisch nenne ich Rudern, Fu\u00dfball, Hockey, Basketball, Handball, Tennis. Der Sportunterricht sowie ein breites AG-Angebot bieten hierf\u00fcr die Basis.<\/p>\n<p><a href=\"https:\/\/noobserver.de\/?p=3963\"><img loading=\"lazy\" decoding=\"async\" class=\"alignnone size-full wp-image-3964\" src=\"https:\/\/noobserver.de\/wp-content\/uploads\/2017\/06\/2017-Fu\u00dfball-Stadtmeisterschaften-Max-Planck-Gymnasium-Dortmund-06-07.jpg\" alt=\"\" width=\"1280\" height=\"809\" srcset=\"https:\/\/mpg-do.de\/wp-content\/uploads\/2017\/06\/2017-Fu\u00dfball-Stadtmeisterschaften-Max-Planck-Gymnasium-Dortmund-06-07.jpg 1280w, https:\/\/mpg-do.de\/wp-content\/uploads\/2017\/06\/2017-Fu\u00dfball-Stadtmeisterschaften-Max-Planck-Gymnasium-Dortmund-06-07-300x190.jpg 300w, https:\/\/mpg-do.de\/wp-content\/uploads\/2017\/06\/2017-Fu\u00dfball-Stadtmeisterschaften-Max-Planck-Gymnasium-Dortmund-06-07-768x485.jpg 768w, https:\/\/mpg-do.de\/wp-content\/uploads\/2017\/06\/2017-Fu\u00dfball-Stadtmeisterschaften-Max-Planck-Gymnasium-Dortmund-06-07-1024x647.jpg 1024w, https:\/\/mpg-do.de\/wp-content\/uploads\/2017\/06\/2017-Fu\u00dfball-Stadtmeisterschaften-Max-Planck-Gymnasium-Dortmund-06-07-600x379.jpg 600w, https:\/\/mpg-do.de\/wp-content\/uploads\/2017\/06\/2017-Fu\u00dfball-Stadtmeisterschaften-Max-Planck-Gymnasium-Dortmund-06-07-64x40.jpg 64w, https:\/\/mpg-do.de\/wp-content\/uploads\/2017\/06\/2017-Fu\u00dfball-Stadtmeisterschaften-Max-Planck-Gymnasium-Dortmund-06-07-260x164.jpg 260w\" sizes=\"auto, (max-width: 1280px) 100vw, 1280px\" \/><\/a><\/p>\n<p>Erfolgreich abgelegte internationale Sprachpr\u00fcfungen \u2013 in Portugiesisch (Certificado Cam\u00f5es), Franz\u00f6sisch (DELF) und Englisch (First Cambridge, IHK-Pr\u00fcfung), Siege\/Erfolge bei Wettbewerben \u2013 Mathematik, Physik, Chemie, Vorlesen \u2013, lebendige Konzerte und Theaterauff\u00fchrungen mit kompetenter Unterst\u00fctzung der Stage-Crew sind weitere ma\u00dfgebliche Bausteine unseres Schullebens.<\/p>\n<p>Nat\u00fcrlich ist der Unterricht an sich mit der Umsetzung der kompetenzorientierten Kernlehrpl\u00e4ne zentral. Am St\u00e4rkenprofil ankn\u00fcpfend ist das Ziel jeglichen Unterrichts die F\u00f6rderung und Schulung sowohl fachbezogener als auch \u00fcberfachlicher Kompetenzen als Basis f\u00fcr langfristiges eigenverantwortliches Lernen und Arbeiten.<\/p>\n<p>Ich freue mich, dass in den Sommerferien die Renovierung der Terrasse am Hauptgeb\u00e4ude in Angriff genommen wurde und voraussichtlich zum Ende der Herbstferien fertiggestellt wird, so dass sich dort auch Sch\u00fcler_innen aufhalten k\u00f6nnen. Das Konzept zur Gestaltung der Au\u00dfenfl\u00e4chen mit Ruhebereichen und vielseitigen Bewegungsr\u00e4umen steht und liegt der Stadt zur Umsetzung vor. Die beiden F\u00f6rdervereine unterst\u00fctzen das Projekt mit \u00fcber 13 000 \u20ac. Die Bezirksvertretung Innenstadt-Ost hat in ihrer letzten Sitzung 40 500 \u20ac zur Umsetzung des Projektes beschlossen. Bereits jetzt spielt der neu gestaltete Pausensport eine besondere Rolle. Sch\u00fcler_innen k\u00f6nnen nach einem abgestimmten Plan und mit Unterst\u00fctzung der Sporthelfer_innen den Sportplatz benutzen. Au\u00dferdem stellt der F\u00f6rderverein den 5ern und 6ern Kisten mit Pausenspielzeug zur Verf\u00fcgung.<\/p>\n<p>In der Aula wurde der B\u00fchnenboden renoviert und erstrahlt nun in neuem Glanz.<\/p>\n<p>Im Fr\u00fchjahr konnten wir den Oberstufenraum er\u00f6ffnen \u2013 das \u201eOberst\u00fcbchen\u201c, ein Raum, in dem die Sch\u00fcler_innen der Oberstufe sich in Freistunden aufhalten, in dem sie chillen k\u00f6nnen.<\/p>\n<p><a href=\"https:\/\/noobserver.de\/?p=3941\"><img loading=\"lazy\" decoding=\"async\" class=\"alignnone size-full wp-image-3943\" src=\"https:\/\/noobserver.de\/wp-content\/uploads\/2017\/06\/unnamed-1.jpg\" alt=\"\" width=\"1212\" height=\"695\" srcset=\"https:\/\/mpg-do.de\/wp-content\/uploads\/2017\/06\/unnamed-1.jpg 1212w, https:\/\/mpg-do.de\/wp-content\/uploads\/2017\/06\/unnamed-1-300x172.jpg 300w, https:\/\/mpg-do.de\/wp-content\/uploads\/2017\/06\/unnamed-1-768x440.jpg 768w, https:\/\/mpg-do.de\/wp-content\/uploads\/2017\/06\/unnamed-1-1024x587.jpg 1024w, https:\/\/mpg-do.de\/wp-content\/uploads\/2017\/06\/unnamed-1-600x344.jpg 600w, https:\/\/mpg-do.de\/wp-content\/uploads\/2017\/06\/unnamed-1-64x37.jpg 64w, https:\/\/mpg-do.de\/wp-content\/uploads\/2017\/06\/unnamed-1-260x149.jpg 260w\" sizes=\"auto, (max-width: 1212px) 100vw, 1212px\" \/><\/a><\/p>\n<p>Vor den Sommerferien hat das Elternteam zusammen mit der Schulleitung eine Begehung und eine schriftliche Analyse der Toilettenanlagen vorgenommen mit dem Ziel, direkt behebbare Defizite mit Hilfe des Hausmeisters abzubauen und insgesamt eine Optimierung der Situation zu erreichen.<\/p>\n<p>Die auf aktuellsten Stand zu bringende mediale Ausstattung des MPG ist vom Schultr\u00e4ger in Aussicht gestellt worden und wartet auf ihre Umsetzung. In Kooperation mit der Stadt Dortmund und der Bezirksregierung Arnsberg entsteht zudem das MPG IT-Lab im Neubau, in dem neueste Medien exemplarisch ausprobiert und auf den Unterricht \u00fcbertragen werden.<\/p>\n<p>F\u00fcr dieses Schuljahr ist die sukzessive Einf\u00fchrung des Medienpasses geplant. Durch ihn wird die Medienkompetenz der Sch\u00fcler_innen gef\u00f6rdert und in ausgew\u00e4hlten F\u00e4chern und Unterrichtsvorhaben geschult.<\/p>\n<p>Das MPG ist auf dem Weg, Partnerschule des Fu\u00dfballs zu werden. Fu\u00dfball-AGs, F\u00f6rdertraining, Kooperation mit dem Kirchh\u00f6rder SC und dem DFB, die intendierte Ausbildung talentierter Sch\u00fcler_innen zu Junior-Coaches sind dabei wesentliche Elemente.<\/p>\n<p>Das reiche Angebot naturwissenschaftlicher Projekte und die Begeisterung der Sch\u00fcler_innen daf\u00fcr hat uns veranlasst, den Weg zur MINT-freundlichen Schule einzuschlagen. Die Forscher-AG in der Erprobungsstufe, die naturwissenschaftliche Erg\u00e4nzungsstunde in der 7, das WP-II-Angebot sowie der Projektkurs Biologie sind neben der Teilnahme an Wettbewerben und der Kooperation mit au\u00dferschulischen Partnern wesentliche Bausteine.<\/p>\n<p><a href=\"https:\/\/noobserver.de\/?p=4016\"><img loading=\"lazy\" decoding=\"async\" class=\"alignnone size-full wp-image-4017\" src=\"https:\/\/noobserver.de\/wp-content\/uploads\/2017\/07\/IMG_8278.jpg\" alt=\"\" width=\"5184\" height=\"3456\" srcset=\"https:\/\/mpg-do.de\/wp-content\/uploads\/2017\/07\/IMG_8278.jpg 5184w, https:\/\/mpg-do.de\/wp-content\/uploads\/2017\/07\/IMG_8278-300x200.jpg 300w, https:\/\/mpg-do.de\/wp-content\/uploads\/2017\/07\/IMG_8278-768x512.jpg 768w, https:\/\/mpg-do.de\/wp-content\/uploads\/2017\/07\/IMG_8278-1024x683.jpg 1024w, https:\/\/mpg-do.de\/wp-content\/uploads\/2017\/07\/IMG_8278-600x400.jpg 600w, https:\/\/mpg-do.de\/wp-content\/uploads\/2017\/07\/IMG_8278-64x43.jpg 64w, https:\/\/mpg-do.de\/wp-content\/uploads\/2017\/07\/IMG_8278-260x173.jpg 260w\" sizes=\"auto, (max-width: 5184px) 100vw, 5184px\" \/><\/a><\/p>\n<p>In diesem Schuljahr steht auch die Vorbereitung der Rezertifizierung als Europaschule an.<\/p>\n<p>Zur weiteren Entwicklung von G8\/G9 bitte ich Sie, folgenden Link aufzurufen: https:\/\/www.schulministerium.nrw.de\/docs\/Schulpolitik\/G8-G9\/index.html<\/p>\n<p>Ich freue mich, dass Herr Schmidt seit \u00fcber einem Jahr stellvertretender Schulleiter ist und sich intensiv und unterst\u00fctzend in die vielf\u00e4ltigen Bereiche des MPG eingearbeitet hat.<\/p>\n<p>Es ist gelungen, das Kollegium mit einer weiteren festen Stelle zu verst\u00e4rken. Wir begr\u00fc\u00dfen Herrn Stefan Kaiser (Deutsch, katholische Religion), der uns bereits durch seine Arbeit am MPG bekannt ist. Frau Schulze (F\u00f6rderschullehrkraft und Fachleiterin) ist an das MPG versetzt worden. Frau B\u00fclters ist weiter an das MPG abgeordnet und koordiniert die Inklusion am MPG.<\/p>\n<p>Au\u00dferdem konnte ich die zur Verf\u00fcgung stehenden Vertretungsstunden mit Zeitvertr\u00e4gen besetzen. Ich freue mich, dass Frau Akan (Deutsch, Sport), Herr Kautz (Politik\/Sowi), Frau Dr. Scholz (Biologie, Chemie), Frau Stewing (Deutsch, evangelische Religion), Herr Mazur (Sport) ihre bew\u00e4hrte Arbeit weiter bei uns fortsetzen k\u00f6nnen. Neu hinzugekommen sind Frau de Vivie (Englisch, evangelische Religion), Frau Heckmann (Deutsch, Geschichte), Frau Reis (Latein, DaZ\/DaF, katholische Religion, Portugiesisch), Herr Seiler (Englisch, Philosophie, Praktische Philosophie), Herr Engler (Sport, Mathematik). Es freut mich, dass in der so schwierigen Zeit der personellen Besetzung so viele Kolleg_innen gerne eine Vertretungsstelle bei uns antreten. Herzlich willkommen! \u00dcber die Zuweisung fester Stellen habe ich zum momentanen Zeitpunkt noch keine Auskunft.<\/p>\n<p>Frau Mei\u00dfner ist in den Ruhestand gegangen. Herr Dr. Rickert ist an die Qualit\u00e4ts- und Unterst\u00fctzungsagentur Soest (Qualis) versetzt worden. Die Vertretungslehrerin Frau Vautz hat zum Schuljahresende die Schule verlassen, um eine feste Stelle anzutreten.<\/p>\n<p>Unser Hausmeister Herr Schr\u00f6der ist nach langj\u00e4hriger T\u00e4tigkeit am MPG in den Ruhestand gegangen. Das Verfahren f\u00fcr die Wiederbesetzung der Stelle l\u00e4uft. Zurzeit macht Herr Thiel weiterhin die Vertretung.<\/p>\n<p>\u00dcber das Schulleben sowie \u00fcber unsere Projekte k\u00f6nnen Sie sich in vertrauter Weise auf unserer neu gestalteten Homepage informieren: www.mpg-dortmund.de. Dort finden Sie auch den Jahresterminkalender, dem Sie alle f\u00fcr das Schuljahr relevanten Termine entnehmen k\u00f6nnen.<\/p>\n<p>Ich danke f\u00fcr alle Offenheit und Kooperation und freue mich auf die weitere Gestaltung unserer Schule mit Ihnen und euch zusammen.<\/p>\n<p>Mit den besten W\u00fcnschen<\/p>\n<p>Ute Tometten<\/p>\n<p>Schulleiterin<\/p>\n<p>&nbsp;<\/p>\n","protected":false},"excerpt":{"rendered":"<p>Liebe Sch\u00fclerinnen und Sch\u00fcler, liebe Eltern, liebe Kolleginnen und Kollegen, liebe Mitarbeitende, Ihnen, euch und uns miteinander w\u00fcnsche ich einen guten Start in das Schuljahr 2017\/18.<\/p>\n","protected":false},"author":13,"featured_media":3033,"comment_status":"closed","ping_status":"closed","sticky":false,"template":"","format":"standard","meta":{"_crdt_document":"","footnotes":""},"categories":[1],"tags":[],"class_list":["post-4211","post","type-post","status-publish","format-standard","has-post-thumbnail","hentry","category-allgemein","entry"],"_links":{"self":[{"href":"https:\/\/mpg-do.de\/index.php?rest_route=\/wp\/v2\/posts\/4211","targetHints":{"allow":["GET"]}}],"collection":[{"href":"https:\/\/mpg-do.de\/index.php?rest_route=\/wp\/v2\/posts"}],"about":[{"href":"https:\/\/mpg-do.de\/index.php?rest_route=\/wp\/v2\/types\/post"}],"author":[{"embeddable":true,"href":"https:\/\/mpg-do.de\/index.php?rest_route=\/wp\/v2\/users\/13"}],"replies":[{"embeddable":true,"href":"https:\/\/mpg-do.de\/index.php?rest_route=%2Fwp%2Fv2%2Fcomments&post=4211"}],"version-history":[{"count":5,"href":"https:\/\/mpg-do.de\/index.php?rest_route=\/wp\/v2\/posts\/4211\/revisions"}],"predecessor-version":[{"id":4246,"href":"https:\/\/mpg-do.de\/index.php?rest_route=\/wp\/v2\/posts\/4211\/revisions\/4246"}],"wp:featuredmedia":[{"embeddable":true,"href":"https:\/\/mpg-do.de\/index.php?rest_route=\/wp\/v2\/media\/3033"}],"wp:attachment":[{"href":"https:\/\/mpg-do.de\/index.php?rest_route=%2Fwp%2Fv2%2Fmedia&parent=4211"}],"wp:term":[{"taxonomy":"category","embeddable":true,"href":"https:\/\/mpg-do.de\/index.php?rest_route=%2Fwp%2Fv2%2Fcategories&post=4211"},{"taxonomy":"post_tag","embeddable":true,"href":"https:\/\/mpg-do.de\/index.php?rest_route=%2Fwp%2Fv2%2Ftags&post=4211"}],"curies":[{"name":"wp","href":"https:\/\/api.w.org\/{rel}","templated":true}]}}