{"id":4213,"date":"2017-09-14T19:27:45","date_gmt":"2017-09-14T17:27:45","guid":{"rendered":"http:\/\/news.mpg-dortmund.de\/?p=4213"},"modified":"2025-01-27T17:50:56","modified_gmt":"2025-01-27T16:50:56","slug":"brasilienaustausch-2017","status":"publish","type":"post","link":"https:\/\/mpg-do.de\/?p=4213","title":{"rendered":"Brasilienaustausch 2017"},"content":{"rendered":"<p>Am 15. Juli war es endlich soweit, unsere Reise nach Brasilien konnte endlich beginnen. Gespannt starteten wir, 5 M\u00e4dchen (aus der diesj\u00e4hrigen Q1), in unser Abenteuer und konnten es kaum noch erwarten unsere Austauschsch\u00fcler wiederzusehen, ihre Familien kennenzulernen und das neue Land zu erkunden.<!--more--><br \/>\n<a href=\"https:\/\/noobserver.de\/wp-content\/uploads\/2017\/09\/img_9253.jpg\"><img loading=\"lazy\" decoding=\"async\" class=\"alignnone size-full wp-image-4220\" src=\"https:\/\/noobserver.de\/wp-content\/uploads\/2017\/09\/img_9253.jpg\" alt=\"\" width=\"959\" height=\"583\" srcset=\"https:\/\/mpg-do.de\/wp-content\/uploads\/2017\/09\/img_9253.jpg 959w, https:\/\/mpg-do.de\/wp-content\/uploads\/2017\/09\/img_9253-300x182.jpg 300w, https:\/\/mpg-do.de\/wp-content\/uploads\/2017\/09\/img_9253-768x467.jpg 768w, https:\/\/mpg-do.de\/wp-content\/uploads\/2017\/09\/img_9253-600x365.jpg 600w, https:\/\/mpg-do.de\/wp-content\/uploads\/2017\/09\/img_9253-64x39.jpg 64w, https:\/\/mpg-do.de\/wp-content\/uploads\/2017\/09\/img_9253-260x158.jpg 260w\" sizes=\"auto, (max-width: 959px) 100vw, 959px\" \/><\/a><br \/>\nJedes Jahr nehmen viele interessierte Sch\u00fcler an dem Austausch nach Sao Paulo teil. Dieses Programm existiert schon beinahe 4 Jahrzehnte und ist daf\u00fcr da, um unsere deutsch-brasilianische Beziehung zu pflegen und zu hegen. W\u00e4hrend es um die hundert teilnehmende Sch\u00fcler_innen aus nur drei brasilianischen der selben Stiftung, Porto Seguro, gibt, kommt die selbe Anzahl von Sch\u00fcler_innen aus vielen Partnerschulen verteilt \u00fcber ganz Deutschland. Aus diesem Grund haben wir noch weitere Leute aus anderen deutschen St\u00e4dten in der Schule und bei unseren Ausfl\u00fcgen kennengelernt.<\/p>\n<p>Wir kamen ersch\u00f6pft an und wurden ganz herzlich von unseren Austauschsch\u00fclern und Gastfamilien willkommen gehei\u00dfen. Das langersehnte Wiedersehen hat uns unglaublich gefreut. Nachdem wir ausschlafen konnten haben wir uns alle gemeinsam getroffen um in den Park zu gehen und ins Kino und anschlie\u00dfend Air Soft zu spielen. Wir wohnten in gro\u00dfen, luxuri\u00f6sen Wohnanlagen mit Pools, Sportpl\u00e4tzen etc. und es wirkte sehr komfortabel und vor allem sicher. Die beiden ersten Wochen waren wir mit unseren Gastfamilien unterwegs, manche erkundigten die Sehensw\u00fcrdigkeiten der Stadt, andere gingen shoppen, trafen sich mich Freunden, feierten, wieder andere fuhren in den Urlaub und vieles mehr wurde uns geboten.<\/p>\n<p><a href=\"https:\/\/noobserver.de\/wp-content\/uploads\/2017\/09\/img_9252.jpg\"><img loading=\"lazy\" decoding=\"async\" class=\"alignnone size-full wp-image-4221\" src=\"https:\/\/noobserver.de\/wp-content\/uploads\/2017\/09\/img_9252.jpg\" alt=\"\" width=\"1334\" height=\"1001\" srcset=\"https:\/\/mpg-do.de\/wp-content\/uploads\/2017\/09\/img_9252.jpg 1334w, https:\/\/mpg-do.de\/wp-content\/uploads\/2017\/09\/img_9252-120x90.jpg 120w, https:\/\/mpg-do.de\/wp-content\/uploads\/2017\/09\/img_9252-300x225.jpg 300w, https:\/\/mpg-do.de\/wp-content\/uploads\/2017\/09\/img_9252-768x576.jpg 768w, https:\/\/mpg-do.de\/wp-content\/uploads\/2017\/09\/img_9252-1024x768.jpg 1024w, https:\/\/mpg-do.de\/wp-content\/uploads\/2017\/09\/img_9252-600x450.jpg 600w, https:\/\/mpg-do.de\/wp-content\/uploads\/2017\/09\/img_9252-64x48.jpg 64w, https:\/\/mpg-do.de\/wp-content\/uploads\/2017\/09\/img_9252-260x195.jpg 260w\" sizes=\"auto, (max-width: 1334px) 100vw, 1334px\" \/><\/a><br \/>\nDann fingen schon die Ausfl\u00fcge mit der Schule an. Erst ging es nach Salvador, mit ihrer sch\u00f6nen Innenstadt und Tradition und dann nach Praia de Forte, dessen Str\u00e4nde man sich entgehen lassen sollte. Es hat uns sehr gefallen und wir hatten eine Menge Spa\u00df mit den anderen deutschen Sch\u00fcler_innen.<br \/>\nNach unserer Ankunft, besuchten wir eine Woche lang die brasilianische Schule. Es war eine sch\u00f6ne Erfahrung, wir hatten eine Stadtbesichtigung und waren sowohl an der privaten, als auch der \u00f6ffentlichen Einheit und haben an vielen Projekten teilgenommen. Uns wurde alles erkl\u00e4rt und gezeigt und wir haben den brasilianischen Sch\u00fcler_innen auch \u00fcber Deutschland und den Austausch erz\u00e4hlt.<\/p>\n<p><a href=\"https:\/\/noobserver.de\/wp-content\/uploads\/2017\/09\/img_9250.jpg\"><img loading=\"lazy\" decoding=\"async\" class=\"alignnone size-full wp-image-4222\" src=\"https:\/\/noobserver.de\/wp-content\/uploads\/2017\/09\/img_9250.jpg\" alt=\"\" width=\"1280\" height=\"960\" srcset=\"https:\/\/mpg-do.de\/wp-content\/uploads\/2017\/09\/img_9250.jpg 1280w, https:\/\/mpg-do.de\/wp-content\/uploads\/2017\/09\/img_9250-120x90.jpg 120w, https:\/\/mpg-do.de\/wp-content\/uploads\/2017\/09\/img_9250-300x225.jpg 300w, https:\/\/mpg-do.de\/wp-content\/uploads\/2017\/09\/img_9250-768x576.jpg 768w, https:\/\/mpg-do.de\/wp-content\/uploads\/2017\/09\/img_9250-1024x768.jpg 1024w, https:\/\/mpg-do.de\/wp-content\/uploads\/2017\/09\/img_9250-600x450.jpg 600w, https:\/\/mpg-do.de\/wp-content\/uploads\/2017\/09\/img_9250-64x48.jpg 64w, https:\/\/mpg-do.de\/wp-content\/uploads\/2017\/09\/img_9250-260x195.jpg 260w\" sizes=\"auto, (max-width: 1280px) 100vw, 1280px\" \/><\/a><br \/>\nWie jedes Jahr, haben wir an das Sozialprojekt Santa Fe gespendet. Blo\u00df konnten wir aus praktischen Gr\u00fcnden die Einrichtung dieses Jahr nicht besuchen. Stattdessen waren wir beim Projekt von Monte Azul und konnte dort etwas mehr \u00fcber das Leben in den Favelas, sowie \u00fcber die Hilfeleistung vor Ort erfahren und mit den Kindern dort etwas unternehmen.<\/p>\n<p>Weiterhin fuhren wir nach Bonito und machten eine spannende Safari und nach Foz de Iguacu, wo wir die M\u00f6glichkeit hatten ein Abenteuer zu erleben und eine Bootsfahrt durch die Wasserf\u00e4lle zu wagen.<\/p>\n<p>Alles in Einem, war diese Reise eine Erfahrung die wir niemals vergessen werden. Freundschaften wurden gekn\u00fcpft, Abenteuer wurden erlebt und die Erwartungen \u00fcbertroffen. Es hat sich f\u00fcr uns mehr als gelohnt und daf\u00fcr m\u00fcssen wir uns bei unseren Gastfamilien f\u00fcr ihre Gro\u00dfz\u00fcgigkeit und Gastfreundlichkeit bedanken, aber auch bei unseren Portugiesisch Lehrerinnen in Deutschland und den Kollegen in Brasilien f\u00fcr ihre Hilfe und Organisation.<\/p>\n<p>Wer auch an diesem Erlebnis teilnehmen m\u00f6chte, m\u00f6ge sich an die Portugiesischfachschaft wenden, die Lehrerinnen erkl\u00e4ren euch was Sache ist.<\/p>\n<p>(Alexandra K.)<\/p>\n<p>&nbsp;<\/p>\n","protected":false},"excerpt":{"rendered":"<p>Am 15. Juli war es endlich soweit, unsere Reise nach Brasilien konnte endlich beginnen. Gespannt starteten wir, 5 M\u00e4dchen (aus der diesj\u00e4hrigen Q1), in unser Abenteuer und konnten es kaum noch erwarten unsere Austauschsch\u00fcler wiederzusehen, ihre Familien kennenzulernen und das neue Land zu erkunden.<\/p>\n","protected":false},"author":13,"featured_media":4218,"comment_status":"closed","ping_status":"closed","sticky":false,"template":"","format":"standard","meta":{"_crdt_document":"","footnotes":""},"categories":[1],"tags":[175,241,68],"class_list":["post-4213","post","type-post","status-publish","format-standard","has-post-thumbnail","hentry","category-allgemein","tag-ausland","tag-brasilien","tag-portugiesisch","entry"],"_links":{"self":[{"href":"https:\/\/mpg-do.de\/index.php?rest_route=\/wp\/v2\/posts\/4213","targetHints":{"allow":["GET"]}}],"collection":[{"href":"https:\/\/mpg-do.de\/index.php?rest_route=\/wp\/v2\/posts"}],"about":[{"href":"https:\/\/mpg-do.de\/index.php?rest_route=\/wp\/v2\/types\/post"}],"author":[{"embeddable":true,"href":"https:\/\/mpg-do.de\/index.php?rest_route=\/wp\/v2\/users\/13"}],"replies":[{"embeddable":true,"href":"https:\/\/mpg-do.de\/index.php?rest_route=%2Fwp%2Fv2%2Fcomments&post=4213"}],"version-history":[{"count":3,"href":"https:\/\/mpg-do.de\/index.php?rest_route=\/wp\/v2\/posts\/4213\/revisions"}],"predecessor-version":[{"id":4244,"href":"https:\/\/mpg-do.de\/index.php?rest_route=\/wp\/v2\/posts\/4213\/revisions\/4244"}],"wp:featuredmedia":[{"embeddable":true,"href":"https:\/\/mpg-do.de\/index.php?rest_route=\/wp\/v2\/media\/4218"}],"wp:attachment":[{"href":"https:\/\/mpg-do.de\/index.php?rest_route=%2Fwp%2Fv2%2Fmedia&parent=4213"}],"wp:term":[{"taxonomy":"category","embeddable":true,"href":"https:\/\/mpg-do.de\/index.php?rest_route=%2Fwp%2Fv2%2Fcategories&post=4213"},{"taxonomy":"post_tag","embeddable":true,"href":"https:\/\/mpg-do.de\/index.php?rest_route=%2Fwp%2Fv2%2Ftags&post=4213"}],"curies":[{"name":"wp","href":"https:\/\/api.w.org\/{rel}","templated":true}]}}