{"id":4406,"date":"2017-11-17T18:53:46","date_gmt":"2017-11-17T17:53:46","guid":{"rendered":"http:\/\/news.mpg-dortmund.de\/?p=4406"},"modified":"2017-11-19T21:36:56","modified_gmt":"2017-11-19T20:36:56","slug":"weltweite-fotoaktion-des-institut-francais","status":"publish","type":"post","link":"https:\/\/mpg-do.de\/?p=4406","title":{"rendered":"Weltweite Fotoaktion des Institut fran\u00e7ais"},"content":{"rendered":"<p>Im Rahmen der<a href=\"https:\/\/www.etenplusjeparlefrancais.fr\"> weltweiten Fotoaktion des Institut fran\u00e7ais<\/a>, haben auch Franz\u00f6sischsch\u00fcler und Franz\u00f6sischsch\u00fclerinnen des MPGs quer durch die Jahrg\u00e4nge wunderbar kreative Bildbeitr\u00e4ge eingereicht. In Zusammenarbeit mit der Fachschaft Franz\u00f6sisch wurden von der SV aus den zahlreichen Einsendungen drei Gewinner erkoren.<\/p>\n<p>Wir begl\u00fcckw\u00fcnschen unsere Gewinnerin aus der EF, Adriana Reinecke, des Weiteren werden Freddy Bourrat aus der 9f und Lauris Luchs aus der 6c geehrt.<\/p>\n<p>Der Dank der Fachschaft <a href=\"https:\/\/noobserver.de\/?project=franzoesisch\">Franz\u00f6sisch<\/a> geht an alle Sch\u00fclerinnen und Sch\u00fcler, die sich f\u00fcr den Fotowettbewerb engagiert haben. Am Tag der offenen T\u00fcr k\u00f6nnen alle Besucher (Sch\u00fclerinnen und Sch\u00fcler, Eltern, Geschwister, zuk\u00fcnftige MPGler) die Gesamtheit der Fotos auf einer Fotocollage bestaunen!<\/p>\n<p><a href=\"https:\/\/noobserver.de\/wp-content\/uploads\/2017\/11\/IMG_0241.jpg\"><img loading=\"lazy\" decoding=\"async\" class=\"alignnone size-full wp-image-4441\" src=\"https:\/\/noobserver.de\/wp-content\/uploads\/2017\/11\/IMG_0241.jpg\" alt=\"\" width=\"2651\" height=\"2105\" srcset=\"https:\/\/mpg-do.de\/wp-content\/uploads\/2017\/11\/IMG_0241.jpg 2651w, https:\/\/mpg-do.de\/wp-content\/uploads\/2017\/11\/IMG_0241-300x238.jpg 300w, https:\/\/mpg-do.de\/wp-content\/uploads\/2017\/11\/IMG_0241-768x610.jpg 768w, https:\/\/mpg-do.de\/wp-content\/uploads\/2017\/11\/IMG_0241-1024x813.jpg 1024w, https:\/\/mpg-do.de\/wp-content\/uploads\/2017\/11\/IMG_0241-600x476.jpg 600w, https:\/\/mpg-do.de\/wp-content\/uploads\/2017\/11\/IMG_0241-64x51.jpg 64w, https:\/\/mpg-do.de\/wp-content\/uploads\/2017\/11\/IMG_0241-252x200.jpg 252w\" sizes=\"auto, (max-width: 2651px) 100vw, 2651px\" \/><\/a><\/p>\n<p><img loading=\"lazy\" decoding=\"async\" class=\"alignnone size-full wp-image-4410\" src=\"https:\/\/noobserver.de\/wp-content\/uploads\/2017\/11\/Screen-Shot-2017-11-15-at-18.47.50.png\" alt=\"\" width=\"651\" height=\"912\" srcset=\"https:\/\/mpg-do.de\/wp-content\/uploads\/2017\/11\/Screen-Shot-2017-11-15-at-18.47.50.png 651w, https:\/\/mpg-do.de\/wp-content\/uploads\/2017\/11\/Screen-Shot-2017-11-15-at-18.47.50-214x300.png 214w, https:\/\/mpg-do.de\/wp-content\/uploads\/2017\/11\/Screen-Shot-2017-11-15-at-18.47.50-600x841.png 600w, https:\/\/mpg-do.de\/wp-content\/uploads\/2017\/11\/Screen-Shot-2017-11-15-at-18.47.50-46x64.png 46w, https:\/\/mpg-do.de\/wp-content\/uploads\/2017\/11\/Screen-Shot-2017-11-15-at-18.47.50-143x200.png 143w\" sizes=\"auto, (max-width: 651px) 100vw, 651px\" \/><\/p>\n<p><img loading=\"lazy\" decoding=\"async\" class=\"alignnone size-full wp-image-4408\" src=\"https:\/\/noobserver.de\/wp-content\/uploads\/2017\/11\/Screen-Shot-2017-11-15-at-18.47.12.png\" alt=\"\" width=\"1192\" height=\"849\" srcset=\"https:\/\/mpg-do.de\/wp-content\/uploads\/2017\/11\/Screen-Shot-2017-11-15-at-18.47.12.png 1192w, https:\/\/mpg-do.de\/wp-content\/uploads\/2017\/11\/Screen-Shot-2017-11-15-at-18.47.12-300x214.png 300w, https:\/\/mpg-do.de\/wp-content\/uploads\/2017\/11\/Screen-Shot-2017-11-15-at-18.47.12-768x547.png 768w, https:\/\/mpg-do.de\/wp-content\/uploads\/2017\/11\/Screen-Shot-2017-11-15-at-18.47.12-1024x729.png 1024w, https:\/\/mpg-do.de\/wp-content\/uploads\/2017\/11\/Screen-Shot-2017-11-15-at-18.47.12-600x427.png 600w, https:\/\/mpg-do.de\/wp-content\/uploads\/2017\/11\/Screen-Shot-2017-11-15-at-18.47.12-64x46.png 64w, https:\/\/mpg-do.de\/wp-content\/uploads\/2017\/11\/Screen-Shot-2017-11-15-at-18.47.12-260x185.png 260w\" sizes=\"auto, (max-width: 1192px) 100vw, 1192px\" \/><\/p>\n<p><img loading=\"lazy\" decoding=\"async\" class=\"alignnone size-full wp-image-4409\" src=\"https:\/\/noobserver.de\/wp-content\/uploads\/2017\/11\/Screen-Shot-2017-11-15-at-18.47.28.png\" alt=\"\" width=\"1215\" height=\"868\" srcset=\"https:\/\/mpg-do.de\/wp-content\/uploads\/2017\/11\/Screen-Shot-2017-11-15-at-18.47.28.png 1215w, https:\/\/mpg-do.de\/wp-content\/uploads\/2017\/11\/Screen-Shot-2017-11-15-at-18.47.28-300x214.png 300w, https:\/\/mpg-do.de\/wp-content\/uploads\/2017\/11\/Screen-Shot-2017-11-15-at-18.47.28-768x549.png 768w, https:\/\/mpg-do.de\/wp-content\/uploads\/2017\/11\/Screen-Shot-2017-11-15-at-18.47.28-1024x732.png 1024w, https:\/\/mpg-do.de\/wp-content\/uploads\/2017\/11\/Screen-Shot-2017-11-15-at-18.47.28-600x429.png 600w, https:\/\/mpg-do.de\/wp-content\/uploads\/2017\/11\/Screen-Shot-2017-11-15-at-18.47.28-64x46.png 64w, https:\/\/mpg-do.de\/wp-content\/uploads\/2017\/11\/Screen-Shot-2017-11-15-at-18.47.28-260x186.png 260w\" sizes=\"auto, (max-width: 1215px) 100vw, 1215px\" \/><\/p>\n","protected":false},"excerpt":{"rendered":"<p>Im Rahmen der weltweiten Fotoaktion des Institut fran\u00e7ais, haben auch Franz\u00f6sischsch\u00fcler und Franz\u00f6sischsch\u00fclerinnen des MPGs quer durch die Jahrg\u00e4nge wunderbar kreative Bildbeitr\u00e4ge eingereicht. In Zusammenarbeit mit der Fachschaft Franz\u00f6sisch wurden von der SV aus den zahlreichen Einsendungen drei Gewinner erkoren. Wir begl\u00fcckw\u00fcnschen unsere Gewinnerin aus der EF, Adriana Reinecke, des Weiteren werden Freddy Bourrat aus &hellip; <\/p>\n<p class=\"link-more\"><a href=\"https:\/\/mpg-do.de\/?p=4406\" class=\"more-link\"><span class=\"screen-reader-text\">\u201eWeltweite Fotoaktion des Institut fran\u00e7ais\u201c <\/span>weiterlesen<\/a><\/p>\n","protected":false},"author":13,"featured_media":4407,"comment_status":"closed","ping_status":"closed","sticky":false,"template":"","format":"standard","meta":{"_crdt_document":"","footnotes":""},"categories":[1],"tags":[179,133],"class_list":["post-4406","post","type-post","status-publish","format-standard","has-post-thumbnail","hentry","category-allgemein","tag-bilingualer-zweig","tag-franzoesisch","entry"],"_links":{"self":[{"href":"https:\/\/mpg-do.de\/index.php?rest_route=\/wp\/v2\/posts\/4406","targetHints":{"allow":["GET"]}}],"collection":[{"href":"https:\/\/mpg-do.de\/index.php?rest_route=\/wp\/v2\/posts"}],"about":[{"href":"https:\/\/mpg-do.de\/index.php?rest_route=\/wp\/v2\/types\/post"}],"author":[{"embeddable":true,"href":"https:\/\/mpg-do.de\/index.php?rest_route=\/wp\/v2\/users\/13"}],"replies":[{"embeddable":true,"href":"https:\/\/mpg-do.de\/index.php?rest_route=%2Fwp%2Fv2%2Fcomments&post=4406"}],"version-history":[{"count":4,"href":"https:\/\/mpg-do.de\/index.php?rest_route=\/wp\/v2\/posts\/4406\/revisions"}],"predecessor-version":[{"id":4442,"href":"https:\/\/mpg-do.de\/index.php?rest_route=\/wp\/v2\/posts\/4406\/revisions\/4442"}],"wp:featuredmedia":[{"embeddable":true,"href":"https:\/\/mpg-do.de\/index.php?rest_route=\/wp\/v2\/media\/4407"}],"wp:attachment":[{"href":"https:\/\/mpg-do.de\/index.php?rest_route=%2Fwp%2Fv2%2Fmedia&parent=4406"}],"wp:term":[{"taxonomy":"category","embeddable":true,"href":"https:\/\/mpg-do.de\/index.php?rest_route=%2Fwp%2Fv2%2Fcategories&post=4406"},{"taxonomy":"post_tag","embeddable":true,"href":"https:\/\/mpg-do.de\/index.php?rest_route=%2Fwp%2Fv2%2Ftags&post=4406"}],"curies":[{"name":"wp","href":"https:\/\/api.w.org\/{rel}","templated":true}]}}