{"id":4467,"date":"2017-11-19T21:28:14","date_gmt":"2017-11-19T20:28:14","guid":{"rendered":"http:\/\/news.mpg-dortmund.de\/?p=4467"},"modified":"2021-12-22T16:07:31","modified_gmt":"2021-12-22T15:07:31","slug":"deutsch-franzoesische-rapper-konzert","status":"publish","type":"post","link":"https:\/\/mpg-do.de\/?p=4467","title":{"rendered":"Video: Deutsch-franz\u00f6sische Rapper am MPG"},"content":{"rendered":"<p><b>Musik die verbindet \u2013 la musique des deux c\u00f4t\u00e9s du Rhin<\/b><\/p>\n<p>Am 30. November war es wieder soweit: unsere franz\u00f6sischen G\u00e4ste der Partnerschule aus Charleville \u2013 M\u00e9zi\u00e8res wurden von den Sch\u00fclerinnen und Sch\u00fclern der Klasse 9f herzlich empfangen.<\/p>\n<p>Ein erstes Highlight erwartete\u00a0die deutsch-franz\u00f6sischen Tandems bereits am ersten Tag des Austausches. Nach einem Atelier mit den Rappern <em>Zweierpasch<\/em>\u00a0erlebten die Sch\u00fclerinnen und Sch\u00fcler die <i>amiti\u00e9 franco-allemande <\/i>im Rahmen eines Konzertes der Band mit Begleitung unserer Sch\u00fcler.<!--more--><\/p>\n<p>(Foto: Felix Brauner \/ Schwebkraft)<\/p>\n<p><iframe loading=\"lazy\" style=\"border: none; overflow: hidden;\" src=\"https:\/\/www.facebook.com\/plugins\/video.php?href=https%3A%2F%2Fwww.facebook.com%2FMPGDO%2Fvideos%2F1578280325551974%2F&amp;show_text=0&amp;width=560\" width=\"560\" height=\"315\" frameborder=\"0\" scrolling=\"no\" allowfullscreen=\"allowfullscreen\"><\/iframe><\/p>\n<p><a href=\"https:\/\/noobserver.de\/wp-content\/uploads\/2017\/11\/Zweierpasch-Rap-am-MPG.jpg\"><img loading=\"lazy\" decoding=\"async\" class=\"alignnone size-full wp-image-4468\" src=\"https:\/\/noobserver.de\/wp-content\/uploads\/2017\/11\/Zweierpasch-Rap-am-MPG.jpg\" alt=\"\" width=\"1190\" height=\"1683\" srcset=\"https:\/\/mpg-do.de\/wp-content\/uploads\/2017\/11\/Zweierpasch-Rap-am-MPG.jpg 1190w, https:\/\/mpg-do.de\/wp-content\/uploads\/2017\/11\/Zweierpasch-Rap-am-MPG-212x300.jpg 212w, https:\/\/mpg-do.de\/wp-content\/uploads\/2017\/11\/Zweierpasch-Rap-am-MPG-768x1086.jpg 768w, https:\/\/mpg-do.de\/wp-content\/uploads\/2017\/11\/Zweierpasch-Rap-am-MPG-724x1024.jpg 724w, https:\/\/mpg-do.de\/wp-content\/uploads\/2017\/11\/Zweierpasch-Rap-am-MPG-600x849.jpg 600w, https:\/\/mpg-do.de\/wp-content\/uploads\/2017\/11\/Zweierpasch-Rap-am-MPG-45x64.jpg 45w, https:\/\/mpg-do.de\/wp-content\/uploads\/2017\/11\/Zweierpasch-Rap-am-MPG-141x200.jpg 141w\" sizes=\"auto, (max-width: 1190px) 100vw, 1190px\" \/><\/a><\/p>\n","protected":false},"excerpt":{"rendered":"<p>Musik die verbindet \u2013 la musique des deux c\u00f4t\u00e9s du Rhin Am 30. November war es wieder soweit: unsere franz\u00f6sischen G\u00e4ste der Partnerschule aus Charleville \u2013 M\u00e9zi\u00e8res wurden von den Sch\u00fclerinnen und Sch\u00fclern der Klasse 9f herzlich empfangen. Ein erstes Highlight erwartete\u00a0die deutsch-franz\u00f6sischen Tandems bereits am ersten Tag des Austausches. Nach einem Atelier mit den &hellip; <\/p>\n<p class=\"link-more\"><a href=\"https:\/\/mpg-do.de\/?p=4467\" class=\"more-link\"><span class=\"screen-reader-text\">\u201eVideo: Deutsch-franz\u00f6sische Rapper am MPG\u201c <\/span>weiterlesen<\/a><\/p>\n","protected":false},"author":1,"featured_media":4469,"comment_status":"closed","ping_status":"closed","sticky":false,"template":"","format":"standard","meta":{"_crdt_document":"","footnotes":""},"categories":[1],"tags":[179,133,76,212],"class_list":["post-4467","post","type-post","status-publish","format-standard","has-post-thumbnail","hentry","category-allgemein","tag-bilingualer-zweig","tag-franzoesisch","tag-musik","tag-stagecrew","entry"],"_links":{"self":[{"href":"https:\/\/mpg-do.de\/index.php?rest_route=\/wp\/v2\/posts\/4467","targetHints":{"allow":["GET"]}}],"collection":[{"href":"https:\/\/mpg-do.de\/index.php?rest_route=\/wp\/v2\/posts"}],"about":[{"href":"https:\/\/mpg-do.de\/index.php?rest_route=\/wp\/v2\/types\/post"}],"author":[{"embeddable":true,"href":"https:\/\/mpg-do.de\/index.php?rest_route=\/wp\/v2\/users\/1"}],"replies":[{"embeddable":true,"href":"https:\/\/mpg-do.de\/index.php?rest_route=%2Fwp%2Fv2%2Fcomments&post=4467"}],"version-history":[{"count":8,"href":"https:\/\/mpg-do.de\/index.php?rest_route=\/wp\/v2\/posts\/4467\/revisions"}],"predecessor-version":[{"id":4568,"href":"https:\/\/mpg-do.de\/index.php?rest_route=\/wp\/v2\/posts\/4467\/revisions\/4568"}],"wp:featuredmedia":[{"embeddable":true,"href":"https:\/\/mpg-do.de\/index.php?rest_route=\/wp\/v2\/media\/4469"}],"wp:attachment":[{"href":"https:\/\/mpg-do.de\/index.php?rest_route=%2Fwp%2Fv2%2Fmedia&parent=4467"}],"wp:term":[{"taxonomy":"category","embeddable":true,"href":"https:\/\/mpg-do.de\/index.php?rest_route=%2Fwp%2Fv2%2Fcategories&post=4467"},{"taxonomy":"post_tag","embeddable":true,"href":"https:\/\/mpg-do.de\/index.php?rest_route=%2Fwp%2Fv2%2Ftags&post=4467"}],"curies":[{"name":"wp","href":"https:\/\/api.w.org\/{rel}","templated":true}]}}