{"id":4541,"date":"2017-11-27T19:06:13","date_gmt":"2017-11-27T18:06:13","guid":{"rendered":"http:\/\/news.mpg-dortmund.de\/?p=4541"},"modified":"2017-12-12T18:57:35","modified_gmt":"2017-12-12T17:57:35","slug":"mpg-trifft-francemobil","status":"publish","type":"post","link":"https:\/\/mpg-do.de\/?p=4541","title":{"rendered":"MPG trifft FranceMobil"},"content":{"rendered":"<p>Sch\u00fclerinnen und Sch\u00fcler der 4. Klassen haben den Tag der offenen T\u00fcr am Max-Planck-Gymnasium dazu genutzt, einmal an der franz\u00f6sischen Kultur und Sprache zu \u201eschnuppern\u201c. Mit gro\u00dfem Interesse haben sie gemeinsam mit Sch\u00fclerinnen und Sch\u00fclern des MPG an einer Animation des FranceMobil teilgenommen. Lektor Julian Lesieur schaffte es spielend, die Kinder zu begeistern, ihnen erste Erfolgserlebnisse in der franz\u00f6sischen Sprache zu verschaffen und ihre Neugier f\u00fcr den <a href=\"https:\/\/noobserver.de\/?project=franzoesisch\">bilingual deutsch-franz\u00f6sischen Zweig<\/a> des MPG zu wecken.<\/p>\n<p>FranceMobil ist ein Programm der <a href=\"https:\/\/www.institutfrancais.de\/\"><i>Instituts fran\u00e7ais<\/i><\/a> zur F\u00f6rderung der franz\u00f6sischen Sprache und Kultur. Junge Lektorinnen und Lektoren sind unterwegs, um in Schulen ein frisches Bild ihres Landes zu vermitteln. Zum Einsatz kommen dabei Spiele, Musik, Zeitschriften, Filme, kurz: alles, was Spa\u00df macht.<\/p>\n<p><a href=\"https:\/\/noobserver.de\/wp-content\/uploads\/2017\/11\/FranceMobil-III-copy.jpg\"><img loading=\"lazy\" decoding=\"async\" class=\"alignnone size-full wp-image-4545\" src=\"https:\/\/noobserver.de\/wp-content\/uploads\/2017\/11\/FranceMobil-III-copy.jpg\" alt=\"\" width=\"1280\" height=\"723\" srcset=\"https:\/\/mpg-do.de\/wp-content\/uploads\/2017\/11\/FranceMobil-III-copy.jpg 1280w, https:\/\/mpg-do.de\/wp-content\/uploads\/2017\/11\/FranceMobil-III-copy-300x169.jpg 300w, https:\/\/mpg-do.de\/wp-content\/uploads\/2017\/11\/FranceMobil-III-copy-768x434.jpg 768w, https:\/\/mpg-do.de\/wp-content\/uploads\/2017\/11\/FranceMobil-III-copy-1024x578.jpg 1024w, https:\/\/mpg-do.de\/wp-content\/uploads\/2017\/11\/FranceMobil-III-copy-600x339.jpg 600w, https:\/\/mpg-do.de\/wp-content\/uploads\/2017\/11\/FranceMobil-III-copy-64x36.jpg 64w, https:\/\/mpg-do.de\/wp-content\/uploads\/2017\/11\/FranceMobil-III-copy-260x147.jpg 260w\" sizes=\"auto, (max-width: 1280px) 100vw, 1280px\" \/><\/a><\/p>\n","protected":false},"excerpt":{"rendered":"<p>Sch\u00fclerinnen und Sch\u00fcler der 4. Klassen haben den Tag der offenen T\u00fcr am Max-Planck-Gymnasium dazu genutzt, einmal an der franz\u00f6sischen Kultur und Sprache zu \u201eschnuppern\u201c. Mit gro\u00dfem Interesse haben sie gemeinsam mit Sch\u00fclerinnen und Sch\u00fclern des MPG an einer Animation des FranceMobil teilgenommen. Lektor Julian Lesieur schaffte es spielend, die Kinder zu begeistern, ihnen erste &hellip; <\/p>\n<p class=\"link-more\"><a href=\"https:\/\/mpg-do.de\/?p=4541\" class=\"more-link\"><span class=\"screen-reader-text\">\u201eMPG trifft FranceMobil\u201c <\/span>weiterlesen<\/a><\/p>\n","protected":false},"author":13,"featured_media":4543,"comment_status":"closed","ping_status":"closed","sticky":false,"template":"","format":"standard","meta":{"_crdt_document":"","footnotes":""},"categories":[1],"tags":[179,133],"class_list":["post-4541","post","type-post","status-publish","format-standard","has-post-thumbnail","hentry","category-allgemein","tag-bilingualer-zweig","tag-franzoesisch","entry"],"_links":{"self":[{"href":"https:\/\/mpg-do.de\/index.php?rest_route=\/wp\/v2\/posts\/4541","targetHints":{"allow":["GET"]}}],"collection":[{"href":"https:\/\/mpg-do.de\/index.php?rest_route=\/wp\/v2\/posts"}],"about":[{"href":"https:\/\/mpg-do.de\/index.php?rest_route=\/wp\/v2\/types\/post"}],"author":[{"embeddable":true,"href":"https:\/\/mpg-do.de\/index.php?rest_route=\/wp\/v2\/users\/13"}],"replies":[{"embeddable":true,"href":"https:\/\/mpg-do.de\/index.php?rest_route=%2Fwp%2Fv2%2Fcomments&post=4541"}],"version-history":[{"count":1,"href":"https:\/\/mpg-do.de\/index.php?rest_route=\/wp\/v2\/posts\/4541\/revisions"}],"predecessor-version":[{"id":4546,"href":"https:\/\/mpg-do.de\/index.php?rest_route=\/wp\/v2\/posts\/4541\/revisions\/4546"}],"wp:featuredmedia":[{"embeddable":true,"href":"https:\/\/mpg-do.de\/index.php?rest_route=\/wp\/v2\/media\/4543"}],"wp:attachment":[{"href":"https:\/\/mpg-do.de\/index.php?rest_route=%2Fwp%2Fv2%2Fmedia&parent=4541"}],"wp:term":[{"taxonomy":"category","embeddable":true,"href":"https:\/\/mpg-do.de\/index.php?rest_route=%2Fwp%2Fv2%2Fcategories&post=4541"},{"taxonomy":"post_tag","embeddable":true,"href":"https:\/\/mpg-do.de\/index.php?rest_route=%2Fwp%2Fv2%2Ftags&post=4541"}],"curies":[{"name":"wp","href":"https:\/\/api.w.org\/{rel}","templated":true}]}}