{"id":4624,"date":"2017-12-21T10:22:36","date_gmt":"2017-12-21T09:22:36","guid":{"rendered":"http:\/\/news.mpg-dortmund.de\/?p=4624"},"modified":"2022-11-09T16:00:58","modified_gmt":"2022-11-09T15:00:58","slug":"vorweihnachtliches-bomben-konzert","status":"publish","type":"post","link":"https:\/\/mpg-do.de\/?p=4624","title":{"rendered":"Vorweihnachtliches &#8222;Bomben&#8220;-Konzert"},"content":{"rendered":"<p>Wahrhaftig als Bombenkonzert wird das diesj\u00e4hrige Weihnachtskonzert am MPG in die Annalen unserer Konzertgeschichte eingehen. Nicht nur wegen der hochkar\u00e4tigen Beitr\u00e4ge, die das Publikum in weihnachtlicher Atmosph\u00e4re kurzweilig den ganzen Abend \u00fcber faszinierten, sondern tats\u00e4chlich durch einen Bombenfund am Nachmittag in der Bolmke. Die Ardeystra\u00dfe wurde bis zum MPG beidseitig gesperrt, und Falschinformationen durch die Polizei und das Radio verbreiteten die M\u00e4r, dass das Konzert nicht stattfinden w\u00fcrde. Nichtsdestotrotz fanden die jugendlichen K\u00fcnstlerinnen und K\u00fcnstler ihr Publikum und das war voller Lob, Anerkennung und Begeisterung. Eine Konzertbesucherin bezeichnete das Konzert als Bombenkonzert und traf den Nagel auf den Kopf!<\/p>\n<p><!--more--><\/p>\n<p><a href=\"https:\/\/noobserver.de\/wp-content\/uploads\/2017\/12\/Weihnachtskonzert-2017-Max-Planck-Gymnasium.png\"><img loading=\"lazy\" decoding=\"async\" class=\"alignnone size-full wp-image-4630\" src=\"https:\/\/noobserver.de\/wp-content\/uploads\/2017\/12\/Weihnachtskonzert-2017-Max-Planck-Gymnasium.png\" alt=\"\" width=\"621\" height=\"884\" srcset=\"https:\/\/mpg-do.de\/wp-content\/uploads\/2017\/12\/Weihnachtskonzert-2017-Max-Planck-Gymnasium.png 621w, https:\/\/mpg-do.de\/wp-content\/uploads\/2017\/12\/Weihnachtskonzert-2017-Max-Planck-Gymnasium-211x300.png 211w, https:\/\/mpg-do.de\/wp-content\/uploads\/2017\/12\/Weihnachtskonzert-2017-Max-Planck-Gymnasium-600x854.png 600w, https:\/\/mpg-do.de\/wp-content\/uploads\/2017\/12\/Weihnachtskonzert-2017-Max-Planck-Gymnasium-45x64.png 45w, https:\/\/mpg-do.de\/wp-content\/uploads\/2017\/12\/Weihnachtskonzert-2017-Max-Planck-Gymnasium-140x200.png 140w\" sizes=\"auto, (max-width: 621px) 100vw, 621px\" \/><\/a><\/p>\n","protected":false},"excerpt":{"rendered":"<p>Wahrhaftig als Bombenkonzert wird das diesj\u00e4hrige Weihnachtskonzert am MPG in die Annalen unserer Konzertgeschichte eingehen. Nicht nur wegen der hochkar\u00e4tigen Beitr\u00e4ge, die das Publikum in weihnachtlicher Atmosph\u00e4re kurzweilig den ganzen Abend \u00fcber faszinierten, sondern tats\u00e4chlich durch einen Bombenfund am Nachmittag in der Bolmke. Die Ardeystra\u00dfe wurde bis zum MPG beidseitig gesperrt, und Falschinformationen durch die &hellip; <\/p>\n<p class=\"link-more\"><a href=\"https:\/\/mpg-do.de\/?p=4624\" class=\"more-link\"><span class=\"screen-reader-text\">\u201eVorweihnachtliches &#8222;Bomben&#8220;-Konzert\u201c <\/span>weiterlesen<\/a><\/p>\n","protected":false},"author":1,"featured_media":4631,"comment_status":"closed","ping_status":"closed","sticky":false,"template":"","format":"standard","meta":{"_crdt_document":"","footnotes":""},"categories":[1],"tags":[167,76,212],"class_list":["post-4624","post","type-post","status-publish","format-standard","has-post-thumbnail","hentry","category-allgemein","tag-blaeserklasse","tag-musik","tag-stagecrew","entry"],"_links":{"self":[{"href":"https:\/\/mpg-do.de\/index.php?rest_route=\/wp\/v2\/posts\/4624","targetHints":{"allow":["GET"]}}],"collection":[{"href":"https:\/\/mpg-do.de\/index.php?rest_route=\/wp\/v2\/posts"}],"about":[{"href":"https:\/\/mpg-do.de\/index.php?rest_route=\/wp\/v2\/types\/post"}],"author":[{"embeddable":true,"href":"https:\/\/mpg-do.de\/index.php?rest_route=\/wp\/v2\/users\/1"}],"replies":[{"embeddable":true,"href":"https:\/\/mpg-do.de\/index.php?rest_route=%2Fwp%2Fv2%2Fcomments&post=4624"}],"version-history":[{"count":2,"href":"https:\/\/mpg-do.de\/index.php?rest_route=\/wp\/v2\/posts\/4624\/revisions"}],"predecessor-version":[{"id":5688,"href":"https:\/\/mpg-do.de\/index.php?rest_route=\/wp\/v2\/posts\/4624\/revisions\/5688"}],"wp:featuredmedia":[{"embeddable":true,"href":"https:\/\/mpg-do.de\/index.php?rest_route=\/wp\/v2\/media\/4631"}],"wp:attachment":[{"href":"https:\/\/mpg-do.de\/index.php?rest_route=%2Fwp%2Fv2%2Fmedia&parent=4624"}],"wp:term":[{"taxonomy":"category","embeddable":true,"href":"https:\/\/mpg-do.de\/index.php?rest_route=%2Fwp%2Fv2%2Fcategories&post=4624"},{"taxonomy":"post_tag","embeddable":true,"href":"https:\/\/mpg-do.de\/index.php?rest_route=%2Fwp%2Fv2%2Ftags&post=4624"}],"curies":[{"name":"wp","href":"https:\/\/api.w.org\/{rel}","templated":true}]}}