{"id":4638,"date":"2018-12-14T13:45:00","date_gmt":"2018-12-14T12:45:00","guid":{"rendered":"http:\/\/news.mpg-dortmund.de\/?p=4638"},"modified":"2018-12-15T17:12:12","modified_gmt":"2018-12-15T16:12:12","slug":"der-foerderverein-sagt-danke","status":"publish","type":"post","link":"https:\/\/mpg-do.de\/?p=4638","title":{"rendered":"Der F\u00f6rderverein sagt DANKE!"},"content":{"rendered":"<p data-removefontsize=\"true\" data-originalcomputedfontsize=\"13.333333015441895\" style=\"caret-color: rgb(49, 49, 49); color: rgb(49, 49, 49); font-family: arial, helvetica, sans-serif; font-size: 0.8333333134651184rem; font-style: normal; font-variant-caps: normal; font-weight: normal; letter-spacing: normal; orphans: auto; text-align: start; text-indent: 0px; text-transform: none; white-space: normal; widows: auto; word-spacing: 1px; -webkit-tap-highlight-color: rgba(26, 26, 26, 0.301961); -webkit-text-size-adjust: auto; -webkit-text-stroke-width: 0px; text-decoration: none; margin: 0px; padding: 0px\"><span data-removefontsize=\"true\" data-originalcomputedfontsize=\"13.333333015441895\" style=\"font-size: 0.8333333134651184rem\">Der F\u00f6rderverein bedankt sich bei allen Mitwirkenden und Unterst\u00fctzern des Buffets beim<\/span><span data-removefontsize=\"true\" data-originalcomputedfontsize=\"13.333333015441895\" style=\"font-size: 0.8333333134651184rem\"><span class=\"Apple-converted-space\">\u00a0<\/span><\/span><span data-removefontsize=\"true\" data-originalcomputedfontsize=\"13.333333015441895\" style=\"font-size: 0.8333333134651184rem\">Weihnachtskonzert<\/span><span data-removefontsize=\"true\" data-originalcomputedfontsize=\"13.333333015441895\" style=\"font-size: 0.8333333134651184rem\">.<\/span><\/p>\n<p data-removefontsize=\"true\" data-originalcomputedfontsize=\"13.333333015441895\" style=\"caret-color: rgb(49, 49, 49); color: rgb(49, 49, 49); font-family: arial, helvetica, sans-serif; font-size: 0.8333333134651184rem; font-style: normal; font-variant-caps: normal; font-weight: normal; letter-spacing: normal; orphans: auto; text-align: start; text-indent: 0px; text-transform: none; white-space: normal; widows: auto; word-spacing: 1px; -webkit-tap-highlight-color: rgba(26, 26, 26, 0.301961); -webkit-text-size-adjust: auto; -webkit-text-stroke-width: 0px; text-decoration: none; margin: 0px; padding: 0px\">Ein gro\u00dfes DANKESCH\u00d6N an alle Eltern, die\u00a0einen Beitrag zum Buffet des F\u00f6rdervereins geleistet haben. Sei es durchs Beisteuern kulinarischer<span class=\"Apple-converted-space\">\u00a0<\/span><span><span data-removefontsize=\"true\" data-originalcomputedfontsize=\"13.333333015441895\" style=\"font-size: 0.8333333134651184rem\">K\u00f6stlichkeiten<\/span><\/span>\u00a0oder helfender H\u00e4nde beim Verkauf. Wir haben die sch\u00f6ne Summe von 509,30\u20ac eingenommen, die jetzt wieder Ihren Kindern zugute kommt.<\/p>\n<p data-removefontsize=\"true\" data-originalcomputedfontsize=\"13.333333015441895\" style=\"caret-color: rgb(49, 49, 49); color: rgb(49, 49, 49); font-family: arial, helvetica, sans-serif; font-size: 0.8333333134651184rem; font-style: normal; font-variant-caps: normal; font-weight: normal; letter-spacing: normal; orphans: auto; text-align: start; text-indent: 0px; text-transform: none; white-space: normal; widows: auto; word-spacing: 1px; -webkit-tap-highlight-color: rgba(26, 26, 26, 0.301961); -webkit-text-size-adjust: auto; -webkit-text-stroke-width: 0px; text-decoration: none; margin: 0px; padding: 0px\"><!--more--><\/p>\n<p data-removefontsize=\"true\" data-originalcomputedfontsize=\"13.333333015441895\" style=\"caret-color: rgb(49, 49, 49); color: rgb(49, 49, 49); font-family: arial, helvetica, sans-serif; font-size: 0.8333333134651184rem; font-style: normal; font-variant-caps: normal; font-weight: normal; letter-spacing: normal; orphans: auto; text-align: start; text-indent: 0px; text-transform: none; white-space: normal; widows: auto; word-spacing: 1px; -webkit-tap-highlight-color: rgba(26, 26, 26, 0.301961); -webkit-text-size-adjust: auto; -webkit-text-stroke-width: 0px; text-decoration: none; margin: 0px; padding: 0px\">Vielen, lieben Dank!<\/p>\n<p style=\"caret-color: rgb(49, 49, 49); color: rgb(49, 49, 49); font-family: arial, helvetica, sans-serif; font-size: 13.333333015441895px; font-style: normal; font-variant-caps: normal; font-weight: normal; letter-spacing: normal; orphans: auto; text-align: start; text-indent: 0px; text-transform: none; white-space: normal; widows: auto; word-spacing: 1px; -webkit-tap-highlight-color: rgba(26, 26, 26, 0.301961); -webkit-text-size-adjust: auto; -webkit-text-stroke-width: 0px; text-decoration: none; margin: 0px; padding: 0px\"><span style=\"text-decoration: underline\"><span data-removefontsize=\"true\" data-originalcomputedfontsize=\"13.333333015441895\" style=\"font-size: 0.8333333134651184rem\"><strong>Wer noch Transportboxen, Platten oder Taschen<\/strong><\/span><\/span><span style=\"text-decoration: underline\"><span data-removefontsize=\"true\" data-originalcomputedfontsize=\"13.333333015441895\" style=\"font-size: 0.8333333134651184rem\"><strong><span class=\"Apple-converted-space\">\u00a0<\/span><\/strong><\/span><\/span><span style=\"text-decoration: underline\"><span data-removefontsize=\"true\" data-originalcomputedfontsize=\"13.333333015441895\" style=\"font-size: 0.8333333134651184rem\"><strong>etc<\/strong><\/span><\/span><span style=\"text-decoration: underline\"><span data-removefontsize=\"true\" data-originalcomputedfontsize=\"13.333333015441895\" style=\"font-size: 0.8333333134651184rem\"><strong>. vermisst, kann diese im Musiksaal bitte zeitnah abholen.<\/strong><\/span><\/span><\/p>\n<p style=\"caret-color: rgb(49, 49, 49); color: rgb(49, 49, 49); font-family: arial, helvetica, sans-serif; font-size: 13.333333015441895px; font-style: normal; font-variant-caps: normal; font-weight: normal; letter-spacing: normal; orphans: auto; text-align: start; text-indent: 0px; text-transform: none; white-space: normal; widows: auto; word-spacing: 1px; -webkit-tap-highlight-color: rgba(26, 26, 26, 0.301961); -webkit-text-size-adjust: auto; -webkit-text-stroke-width: 0px; text-decoration: none; margin: 0px; padding: 0px\">\u00a0Das Team vom allgemeinen F\u00f6rderverein w\u00fcnscht Ihnen und Ihren Familien ein sch\u00f6nes Weihnachtsfest und ein gesundes, gl\u00fcckliches Jahr 2019! Vielleicht mit einer Mitgliedschaft im F\u00f6rderverein.<img decoding=\"async\" src=\"https:\/\/ci3.googleusercontent.com\/proxy\/Sm6KZfzQaygrO1ywpxrbEQRlgVKFzP_09F1gLCwwMHHJFK9L0fKxFKBBATKTMdebBaiTO1MayivjjvEW_IlwPSiWMwn8n1CMwUCiyYryJGj0Y_PPexqJKc9q=s0-d-e1-ft#http:\/\/webmail.freenet.de\/tinyMCE-JSV339\/plugins\/emotions\/img\/40036.gif\" title=\"Wink\" alt=\"Wink\" border=\"0\"><\/p>\n<p style=\"caret-color: rgb(49, 49, 49); color: rgb(49, 49, 49); font-family: arial, helvetica, sans-serif; font-size: 13.333333015441895px; font-style: normal; font-variant-caps: normal; font-weight: normal; letter-spacing: normal; orphans: auto; text-align: start; text-indent: 0px; text-transform: none; white-space: normal; widows: auto; word-spacing: 1px; -webkit-tap-highlight-color: rgba(26, 26, 26, 0.301961); -webkit-text-size-adjust: auto; -webkit-text-stroke-width: 0px; text-decoration: none; margin: 0px; padding: 0px\">\u00a0Herzliche Gr\u00fc\u00dfe<\/p>\n<p style=\"caret-color: rgb(49, 49, 49); color: rgb(49, 49, 49); font-family: arial, helvetica, sans-serif; font-size: 13.333333015441895px; font-style: normal; font-variant-caps: normal; font-weight: normal; letter-spacing: normal; orphans: auto; text-align: start; text-indent: 0px; text-transform: none; white-space: normal; widows: auto; word-spacing: 1px; -webkit-tap-highlight-color: rgba(26, 26, 26, 0.301961); -webkit-text-size-adjust: auto; -webkit-text-stroke-width: 0px; text-decoration: none; margin: 0px; padding: 0px\">\u00a0Ihr Team vom F\u00f6rderverein<\/p>\n","protected":false},"excerpt":{"rendered":"<p>Der F\u00f6rderverein bedankt sich bei allen Mitwirkenden und Unterst\u00fctzern des Buffets beim\u00a0Weihnachtskonzert. Ein gro\u00dfes DANKESCH\u00d6N an alle Eltern, die\u00a0einen Beitrag zum Buffet des F\u00f6rdervereins geleistet haben. Sei es durchs Beisteuern kulinarischer\u00a0K\u00f6stlichkeiten\u00a0oder helfender H\u00e4nde beim Verkauf. Wir haben die sch\u00f6ne Summe von 509,30\u20ac eingenommen, die jetzt wieder Ihren Kindern zugute kommt.<\/p>\n","protected":false},"author":5,"featured_media":5678,"comment_status":"closed","ping_status":"closed","sticky":false,"template":"","format":"standard","meta":{"_crdt_document":"","footnotes":""},"categories":[1],"tags":[95],"class_list":["post-4638","post","type-post","status-publish","format-standard","has-post-thumbnail","hentry","category-allgemein","tag-foerderverein","entry"],"_links":{"self":[{"href":"https:\/\/mpg-do.de\/index.php?rest_route=\/wp\/v2\/posts\/4638","targetHints":{"allow":["GET"]}}],"collection":[{"href":"https:\/\/mpg-do.de\/index.php?rest_route=\/wp\/v2\/posts"}],"about":[{"href":"https:\/\/mpg-do.de\/index.php?rest_route=\/wp\/v2\/types\/post"}],"author":[{"embeddable":true,"href":"https:\/\/mpg-do.de\/index.php?rest_route=\/wp\/v2\/users\/5"}],"replies":[{"embeddable":true,"href":"https:\/\/mpg-do.de\/index.php?rest_route=%2Fwp%2Fv2%2Fcomments&post=4638"}],"version-history":[{"count":5,"href":"https:\/\/mpg-do.de\/index.php?rest_route=\/wp\/v2\/posts\/4638\/revisions"}],"predecessor-version":[{"id":5785,"href":"https:\/\/mpg-do.de\/index.php?rest_route=\/wp\/v2\/posts\/4638\/revisions\/5785"}],"wp:featuredmedia":[{"embeddable":true,"href":"https:\/\/mpg-do.de\/index.php?rest_route=\/wp\/v2\/media\/5678"}],"wp:attachment":[{"href":"https:\/\/mpg-do.de\/index.php?rest_route=%2Fwp%2Fv2%2Fmedia&parent=4638"}],"wp:term":[{"taxonomy":"category","embeddable":true,"href":"https:\/\/mpg-do.de\/index.php?rest_route=%2Fwp%2Fv2%2Fcategories&post=4638"},{"taxonomy":"post_tag","embeddable":true,"href":"https:\/\/mpg-do.de\/index.php?rest_route=%2Fwp%2Fv2%2Ftags&post=4638"}],"curies":[{"name":"wp","href":"https:\/\/api.w.org\/{rel}","templated":true}]}}