{"id":4859,"date":"2018-03-10T10:50:00","date_gmt":"2018-03-10T09:50:00","guid":{"rendered":"http:\/\/news.mpg-dortmund.de\/?p=4859"},"modified":"2018-03-10T10:50:35","modified_gmt":"2018-03-10T09:50:35","slug":"mit-einem-thalys-nach-paris-nur-fuer-einen-tag","status":"publish","type":"post","link":"https:\/\/mpg-do.de\/?p=4859","title":{"rendered":"Mit einem Thalys nach Paris&#8230; nur f\u00fcr einen Tag"},"content":{"rendered":"<p>Es ist 4:45 Uhr am Freitag. Ein noch relativ m\u00fcder Franz\u00f6sisch-Gk erwartet gespannt die Abfahrt seines Zuges. Nach f\u00fcnf Stunden Fahrt, in denen sich unser Vorrat an Essbarem deutlich dezimierte und das Schlafen auf verrenkte Knochen hinaus lief, kamen wir endlich in Paris an. Mit der m\u00e9tro, die uns einen ersten Eindruck des Pariser Shabby-Schick-Flair vermittelte, machten wir uns auf den Weg zum mus\u00e9e de l&#8217;histoire de l\u2019immigration im Palais de la porte dor\u00e9e. Dort offenbarte sich uns eine Vielfalt an verschiedensten Geschichten von Einwanderern verschiedener Herkunftsl\u00e4nder und deren ganz individuellen Geschichten. Unterlegt wurden die zahlreichen Geschichten mit pers\u00f6nlichen Gegenst\u00e4nden der Einwanderer, was die ganze Geschichte viel lebendiger und greifbarer gestaltete.<\/p>\n<p>Um zu einem, inzwischen dringend n\u00f6tigen, Mittagessen zu gelangen machten wir einen Spaziergang zum Bercy Village, wo wir aus zahlreichen kleinen Restaurants in einem pittoresken Ambiente w\u00e4hlen konnten.<\/p>\n<p>Im Anschluss begann dann der sportliche Teil des Tages: M\u00e9tro, Arc de Triomphe, Champs \u00c9lys\u00e9es, m\u00e9tro, Sacr\u00e9 c\u0153ur.<\/p>\n<p>Den Anstieg zur Sacr\u00e9 c\u0153ur, mit \u00fcber 250 Stufen, das Schie\u00dfen einiger Fotos und den anschlie\u00dfend Abstieg mit dem einsetzenden Regen bew\u00e4ltigten wir innerhalb weniger als einer halben Stunde bevor wir wieder mit der M\u00e9tro zum Gare du Nord fuhren. Nach einigem Herumgeirre mussten wir dann einen Schlusssprint zum Gleis hinlegen um den Thalys noch zu bekommen.<\/p>\n<p>Gl\u00fccklich und ersch\u00f6pft sitzen wir nun im Zug und haben noch zwei Stunden vor uns, bevor wir wieder Dortmund erreichen.<\/p>\n<p>Letztendlich war es trotz des doch recht straffen Zeitplans ein sch\u00f6ner Tag und Abschluss f\u00fcr die letzten zwei Jahre mit diesem Kurs.<\/p>\n<p><a href=\"https:\/\/noobserver.de\/wp-content\/uploads\/2018\/03\/IMG_4063.jpg\"><img loading=\"lazy\" decoding=\"async\" class=\"alignnone size-full wp-image-4862\" src=\"https:\/\/noobserver.de\/wp-content\/uploads\/2018\/03\/IMG_4063.jpg\" alt=\"\" width=\"889\" height=\"1313\" srcset=\"https:\/\/mpg-do.de\/wp-content\/uploads\/2018\/03\/IMG_4063.jpg 889w, https:\/\/mpg-do.de\/wp-content\/uploads\/2018\/03\/IMG_4063-203x300.jpg 203w, https:\/\/mpg-do.de\/wp-content\/uploads\/2018\/03\/IMG_4063-768x1134.jpg 768w, https:\/\/mpg-do.de\/wp-content\/uploads\/2018\/03\/IMG_4063-693x1024.jpg 693w, https:\/\/mpg-do.de\/wp-content\/uploads\/2018\/03\/IMG_4063-600x886.jpg 600w, https:\/\/mpg-do.de\/wp-content\/uploads\/2018\/03\/IMG_4063-43x64.jpg 43w, https:\/\/mpg-do.de\/wp-content\/uploads\/2018\/03\/IMG_4063-135x200.jpg 135w\" sizes=\"auto, (max-width: 889px) 100vw, 889px\" \/><\/a><\/p>\n","protected":false},"excerpt":{"rendered":"<p>Es ist 4:45 Uhr am Freitag. Ein noch relativ m\u00fcder Franz\u00f6sisch-Gk erwartet gespannt die Abfahrt seines Zuges. Nach f\u00fcnf Stunden Fahrt, in denen sich unser Vorrat an Essbarem deutlich dezimierte und das Schlafen auf verrenkte Knochen hinaus lief, kamen wir endlich in Paris an. Mit der m\u00e9tro, die uns einen ersten Eindruck des Pariser Shabby-Schick-Flair &hellip; <\/p>\n<p class=\"link-more\"><a href=\"https:\/\/mpg-do.de\/?p=4859\" class=\"more-link\"><span class=\"screen-reader-text\">\u201eMit einem Thalys nach Paris&#8230; nur f\u00fcr einen Tag\u201c <\/span>weiterlesen<\/a><\/p>\n","protected":false},"author":13,"featured_media":4863,"comment_status":"closed","ping_status":"closed","sticky":false,"template":"","format":"standard","meta":{"_crdt_document":"","footnotes":""},"categories":[1],"tags":[133],"class_list":["post-4859","post","type-post","status-publish","format-standard","has-post-thumbnail","hentry","category-allgemein","tag-franzoesisch","entry"],"_links":{"self":[{"href":"https:\/\/mpg-do.de\/index.php?rest_route=\/wp\/v2\/posts\/4859","targetHints":{"allow":["GET"]}}],"collection":[{"href":"https:\/\/mpg-do.de\/index.php?rest_route=\/wp\/v2\/posts"}],"about":[{"href":"https:\/\/mpg-do.de\/index.php?rest_route=\/wp\/v2\/types\/post"}],"author":[{"embeddable":true,"href":"https:\/\/mpg-do.de\/index.php?rest_route=\/wp\/v2\/users\/13"}],"replies":[{"embeddable":true,"href":"https:\/\/mpg-do.de\/index.php?rest_route=%2Fwp%2Fv2%2Fcomments&post=4859"}],"version-history":[{"count":3,"href":"https:\/\/mpg-do.de\/index.php?rest_route=\/wp\/v2\/posts\/4859\/revisions"}],"predecessor-version":[{"id":4865,"href":"https:\/\/mpg-do.de\/index.php?rest_route=\/wp\/v2\/posts\/4859\/revisions\/4865"}],"wp:featuredmedia":[{"embeddable":true,"href":"https:\/\/mpg-do.de\/index.php?rest_route=\/wp\/v2\/media\/4863"}],"wp:attachment":[{"href":"https:\/\/mpg-do.de\/index.php?rest_route=%2Fwp%2Fv2%2Fmedia&parent=4859"}],"wp:term":[{"taxonomy":"category","embeddable":true,"href":"https:\/\/mpg-do.de\/index.php?rest_route=%2Fwp%2Fv2%2Fcategories&post=4859"},{"taxonomy":"post_tag","embeddable":true,"href":"https:\/\/mpg-do.de\/index.php?rest_route=%2Fwp%2Fv2%2Ftags&post=4859"}],"curies":[{"name":"wp","href":"https:\/\/api.w.org\/{rel}","templated":true}]}}