{"id":5294,"date":"2018-07-10T20:21:30","date_gmt":"2018-07-10T18:21:30","guid":{"rendered":"http:\/\/news.mpg-dortmund.de\/?p=5294"},"modified":"2024-04-24T22:11:36","modified_gmt":"2024-04-24T20:11:36","slug":"mpg-weiter-europaschule","status":"publish","type":"post","link":"https:\/\/mpg-do.de\/?p=5294","title":{"rendered":"MPG weiter Europaschule"},"content":{"rendered":"<p>Unsere Schule wurde erfolgreich als <a href=\"https:\/\/noobserver.de\/?project=europaschule\">Europaschule<\/a> rezertifiziert. Im Abstand von mehreren Jahren wird \u00fcberpr\u00fcft, ob die Kriterien daf\u00fcr weiterhin erf\u00fcllt werden. Ein Mitglied der Arbeitsgemeinschaft Europaschulen (ARGEUS) war zu Besuch am MPG konnte feststellen, dass wir unsere Europaarbeit seit der erstmaligen Zertifizierung von 2013 sogar vertieft haben.<!--more--><\/p>\n<p><a href=\"https:\/\/noobserver.de\/wp-content\/uploads\/2018\/07\/Europaschule-Rezertifizierung-2018.png\"><img loading=\"lazy\" decoding=\"async\" class=\"alignnone size-full wp-image-5295\" src=\"https:\/\/noobserver.de\/wp-content\/uploads\/2018\/07\/Europaschule-Rezertifizierung-2018.png\" alt=\"\" width=\"479\" height=\"727\" srcset=\"https:\/\/mpg-do.de\/wp-content\/uploads\/2018\/07\/Europaschule-Rezertifizierung-2018.png 479w, https:\/\/mpg-do.de\/wp-content\/uploads\/2018\/07\/Europaschule-Rezertifizierung-2018-198x300.png 198w, https:\/\/mpg-do.de\/wp-content\/uploads\/2018\/07\/Europaschule-Rezertifizierung-2018-42x64.png 42w, https:\/\/mpg-do.de\/wp-content\/uploads\/2018\/07\/Europaschule-Rezertifizierung-2018-132x200.png 132w\" sizes=\"auto, (max-width: 479px) 100vw, 479px\" \/><\/a><\/p>\n<p>&nbsp;<\/p>\n<p>Europaschulen vermitteln ihren Sch\u00fcler_innen ein umfassendes Wissen \u00fcber Europa und bef\u00e4higen sie unter anderem durch Steigerung ihrer sprachlichen und interkulturellen Kompetenzen zum Handeln als m\u00fcndige B\u00fcrger_innen Europas.<\/p>\n<p>Diesen Zielsetzungen wird an unserer Schule bereits seit vielen Jahren nicht nur durch unser breites <a href=\"https:\/\/noobserver.de\/?page_id=2437\">fremdsprachliches<\/a> sowie interkulturelles Angebot Rechnung getragen. Dazu liefern unsere internationalen Kontakte und Projekte, sowie feste <a href=\"https:\/\/noobserver.de\/?page_id=792\">Partnerschaften und Austauschprogramme<\/a> mit Frankreich, Portugal, Brasilien und den USA einen wichtigen Beitrag. Dadurch besteht f\u00fcr jeden Sch\u00fcler die M\u00f6glichkeit, die Sprache, die er lernt, aktiv im Zielland zu erproben.<\/p>\n<p>Vor dem Hintergrund, dass wir unsere Sch\u00fcler_innen auf ein Leben als verantwortungsvolle europ\u00e4ische B\u00fcrger_innen vorbereiten und ihnen gute Chancen auf einem europaweiten Ausbildungs- und Arbeitsmarkt er\u00f6ffnen wollen, steht eine verst\u00e4rkte Kooperation mit europ\u00e4ischen Institutionen im Fokus, die es zum Beispiel Sch\u00fcler_innen erm\u00f6glichen, <a href=\"https:\/\/noobserver.de\/?page_id=1200\">Betriebspraktika im Ausland<\/a> zu absolvieren. Weiterhin sollen der Europagedanke und europarelevante Themen in m\u00f6glichst vielen F\u00e4chern vertreten und im Sinne eines f\u00e4cher\u00fcbergreifenden Curriculums vernetzt sein.<span class=\"Apple-converted-space\">\u00a0<\/span><\/p>\n<p>In den letzten Jahren wurden bereits vielf\u00e4ltige Projekte und Ma\u00dfnahmen durchgef\u00fchrt, die den Europagedanken in unserer Schule in besonderem Ma\u00dfe verankern. Dabei gab es neben Projekten an unserer Schule, die bereits seit langem im Netzwerk der Europaschulen aktiv ist, immer auch wieder Aktionen, die gemeinsam mit den anderen Europaschulen aus Dortmund durchgef\u00fchrt wurden und damit auch eine noch breitere \u00d6ffentlichkeit erreichten. Beispielhaft daf\u00fcr steht die <a href=\"https:\/\/noobserver.de\/?p=2363\">Viefado-Aktion<\/a> vom 09.05.2016 anl\u00e4sslich des Europatags in der Dortmunder Innenstadt. Etwa 600 Sch\u00fcler_innen versammelten sich auf dem Friedensplatz, um in Form eines \u201eFlashmob\u201c die Viefado auf den Platz zu malen. Das Zeichen f\u00fcr Vielfalt, zieht aktuell von Stadt zu Stadt weiter &#8211; ein Statement vieler Menschen, das die Gesellschaft \u00fcberflutet.<span class=\"Apple-converted-space\">\u00a0<\/span><\/p>\n<p>Anl\u00e4sslich des diesj\u00e4hrigen Europatags 2018 hat im Dietrich-Keuning-Haus eine gemeinsame Projektveranstaltung aller Europaschulen unter dem Motto <a href=\"https:\/\/noobserver.de\/?p=5059\">\u201eThinking Europe\u201c<\/a> stattgefunden. Sch\u00fclerinnen und Sch\u00fcler der verschiedenen Europaschulen wurde eine Auswahl von \u00fcber 15 verschiedenen Workshops geboten.<\/p>\n<p>Eine weitere gelungene Aktion war die Komposition eines Friedensliedes im Rahmen des 63. Europ\u00e4ischen Wettbewerbs wieder in Kooperation mit allen anderen Europaschulen in Dortmund.<span class=\"Apple-converted-space\">\u00a0<\/span><\/p>\n<p>Ein sehr gelungenes schulspezifisches Projekt stellte sicherlich auch der Workshop zum Thema \u201eDemokratie\u201c im Rahmen des Sch\u00fcleraustausches mit Almada\/Portugal dar. Auf der Grundlage eines intensiven Austauschs mit der anderen Kultur, kreierten die Sch\u00fcler_innen einen Ausdruckstanz, der die Auseinandersetzung mit dieser Thematik anschaulich visualisierte.<span class=\"Apple-converted-space\">\u00a0<\/span><\/p>\n<p>Wir freuen uns auf weitere tolle Projekte und gemeinsame Europaaktionen in der Zukunft.<\/p>\n<p>F\u00fcr das Europaschulteam<span class=\"Apple-converted-space\">\u00a0<\/span><\/p>\n<p>Carla Costa<\/p>\n<p>&nbsp;<\/p>\n","protected":false},"excerpt":{"rendered":"<p>Unsere Schule wurde erfolgreich als Europaschule rezertifiziert. Im Abstand von mehreren Jahren wird \u00fcberpr\u00fcft, ob die Kriterien daf\u00fcr weiterhin erf\u00fcllt werden. Ein Mitglied der Arbeitsgemeinschaft Europaschulen (ARGEUS) war zu Besuch am MPG konnte feststellen, dass wir unsere Europaarbeit seit der erstmaligen Zertifizierung von 2013 sogar vertieft haben.<\/p>\n","protected":false},"author":5,"featured_media":1627,"comment_status":"closed","ping_status":"closed","sticky":false,"template":"","format":"standard","meta":{"_crdt_document":"","footnotes":""},"categories":[1],"tags":[124],"class_list":["post-5294","post","type-post","status-publish","format-standard","has-post-thumbnail","hentry","category-allgemein","tag-europaschule","entry"],"_links":{"self":[{"href":"https:\/\/mpg-do.de\/index.php?rest_route=\/wp\/v2\/posts\/5294","targetHints":{"allow":["GET"]}}],"collection":[{"href":"https:\/\/mpg-do.de\/index.php?rest_route=\/wp\/v2\/posts"}],"about":[{"href":"https:\/\/mpg-do.de\/index.php?rest_route=\/wp\/v2\/types\/post"}],"author":[{"embeddable":true,"href":"https:\/\/mpg-do.de\/index.php?rest_route=\/wp\/v2\/users\/5"}],"replies":[{"embeddable":true,"href":"https:\/\/mpg-do.de\/index.php?rest_route=%2Fwp%2Fv2%2Fcomments&post=5294"}],"version-history":[{"count":5,"href":"https:\/\/mpg-do.de\/index.php?rest_route=\/wp\/v2\/posts\/5294\/revisions"}],"predecessor-version":[{"id":5314,"href":"https:\/\/mpg-do.de\/index.php?rest_route=\/wp\/v2\/posts\/5294\/revisions\/5314"}],"wp:featuredmedia":[{"embeddable":true,"href":"https:\/\/mpg-do.de\/index.php?rest_route=\/wp\/v2\/media\/1627"}],"wp:attachment":[{"href":"https:\/\/mpg-do.de\/index.php?rest_route=%2Fwp%2Fv2%2Fmedia&parent=5294"}],"wp:term":[{"taxonomy":"category","embeddable":true,"href":"https:\/\/mpg-do.de\/index.php?rest_route=%2Fwp%2Fv2%2Fcategories&post=5294"},{"taxonomy":"post_tag","embeddable":true,"href":"https:\/\/mpg-do.de\/index.php?rest_route=%2Fwp%2Fv2%2Ftags&post=5294"}],"curies":[{"name":"wp","href":"https:\/\/api.w.org\/{rel}","templated":true}]}}