{"id":5863,"date":"2019-01-09T20:17:58","date_gmt":"2019-01-09T19:17:58","guid":{"rendered":"http:\/\/news.mpg-dortmund.de\/?p=5863"},"modified":"2019-01-09T20:31:34","modified_gmt":"2019-01-09T19:31:34","slug":"infoabend-neue-5er-am-22-januar","status":"publish","type":"post","link":"https:\/\/mpg-do.de\/?p=5863","title":{"rendered":"Infoabend neue 5er am 22. Januar"},"content":{"rendered":"<p>Am <a href=\"https:\/\/noobserver.de\/?page_id=1474\">Dienstag, 22.1.2019<\/a> findet um 19.00 Uhr ein Informationsabend f\u00fcr die kommenden 5. Klassen in der Aula\u00a0statt.<\/p>\n<p>An diesem Tag informieren wir Sie \u00fcber die besonderen Angebote unserer Schule und erl\u00e4utern\u00a0die Regelklassen, den <a href=\"https:\/\/noobserver.de\/?project=franzoesisch\">bilingualen Franz\u00f6sischzweig<\/a> und das Projekt der <a href=\"https:\/\/noobserver.de\/?project=blaeserklasse\">Bl\u00e4serklasse<\/a>.<\/p>\n<p>Ebenso geben wir Ausk\u00fcnfte zum <a href=\"https:\/\/noobserver.de\/?page_id=939\">Betreuungsangebot<\/a> und zur Organisation der <a href=\"https:\/\/noobserver.de\/?page_id=691\">Anmeldung<\/a> an der weiterf\u00fchrenden Schule und zur ersten Schulwoche.<\/p>\n<p>Im Anschluss stehen wir nat\u00fcrlich auch f\u00fcr weitere, auch individuelle Fragen zur Verf\u00fcgung.<\/p>\n<p>Wir freuen uns, Sie und Ihre Kinder an dem Abend hier an unserer Schule begr\u00fc\u00dfen zu d\u00fcrfen.<\/p>\n<p data-removefontsize=\"true\" data-originalcomputedfontsize=\"16\">Ute Tometten, Schulleiterin<\/p>\n<p data-removefontsize=\"true\" data-originalcomputedfontsize=\"16\">Bastian Kl\u00f6hn, Erprobungsstufenkoordinator<\/p>\n","protected":false},"excerpt":{"rendered":"<p>Am Dienstag, 22.1.2019 findet um 19.00 Uhr ein Informationsabend f\u00fcr die kommenden 5. Klassen in der Aula\u00a0statt. An diesem Tag informieren wir Sie \u00fcber die besonderen Angebote unserer Schule und erl\u00e4utern\u00a0die Regelklassen, den bilingualen Franz\u00f6sischzweig und das Projekt der Bl\u00e4serklasse. Ebenso geben wir Ausk\u00fcnfte zum Betreuungsangebot und zur Organisation der Anmeldung an der weiterf\u00fchrenden Schule &hellip; <\/p>\n<p class=\"link-more\"><a href=\"https:\/\/mpg-do.de\/?p=5863\" class=\"more-link\"><span class=\"screen-reader-text\">\u201eInfoabend neue 5er am 22. Januar\u201c <\/span>weiterlesen<\/a><\/p>\n","protected":false},"author":5,"featured_media":5288,"comment_status":"closed","ping_status":"closed","sticky":false,"template":"","format":"standard","meta":{"_crdt_document":"","footnotes":""},"categories":[1],"tags":[],"class_list":["post-5863","post","type-post","status-publish","format-standard","has-post-thumbnail","hentry","category-allgemein","entry"],"_links":{"self":[{"href":"https:\/\/mpg-do.de\/index.php?rest_route=\/wp\/v2\/posts\/5863","targetHints":{"allow":["GET"]}}],"collection":[{"href":"https:\/\/mpg-do.de\/index.php?rest_route=\/wp\/v2\/posts"}],"about":[{"href":"https:\/\/mpg-do.de\/index.php?rest_route=\/wp\/v2\/types\/post"}],"author":[{"embeddable":true,"href":"https:\/\/mpg-do.de\/index.php?rest_route=\/wp\/v2\/users\/5"}],"replies":[{"embeddable":true,"href":"https:\/\/mpg-do.de\/index.php?rest_route=%2Fwp%2Fv2%2Fcomments&post=5863"}],"version-history":[{"count":2,"href":"https:\/\/mpg-do.de\/index.php?rest_route=\/wp\/v2\/posts\/5863\/revisions"}],"predecessor-version":[{"id":5866,"href":"https:\/\/mpg-do.de\/index.php?rest_route=\/wp\/v2\/posts\/5863\/revisions\/5866"}],"wp:featuredmedia":[{"embeddable":true,"href":"https:\/\/mpg-do.de\/index.php?rest_route=\/wp\/v2\/media\/5288"}],"wp:attachment":[{"href":"https:\/\/mpg-do.de\/index.php?rest_route=%2Fwp%2Fv2%2Fmedia&parent=5863"}],"wp:term":[{"taxonomy":"category","embeddable":true,"href":"https:\/\/mpg-do.de\/index.php?rest_route=%2Fwp%2Fv2%2Fcategories&post=5863"},{"taxonomy":"post_tag","embeddable":true,"href":"https:\/\/mpg-do.de\/index.php?rest_route=%2Fwp%2Fv2%2Ftags&post=5863"}],"curies":[{"name":"wp","href":"https:\/\/api.w.org\/{rel}","templated":true}]}}