{"id":5908,"date":"2019-01-24T12:26:46","date_gmt":"2019-01-24T11:26:46","guid":{"rendered":"http:\/\/news.mpg-dortmund.de\/?p=5908"},"modified":"2025-01-27T17:53:21","modified_gmt":"2025-01-27T16:53:21","slug":"lycee-monge-schnee-und-marionetten%ef%bb%bf","status":"publish","type":"post","link":"https:\/\/mpg-do.de\/?p=5908","title":{"rendered":"Lyc\u00e9e Monge, Schnee und Marionetten\ufeff (mit Video)"},"content":{"rendered":"\n<p class=\"wp-block-paragraph\"><strong>\u00c9change scolaire 2019 \u00e0 Charleville-M\u00e9zi\u00e8res<\/strong><\/p>\n\n\n\n<p class=\"wp-block-paragraph\">Der Austausch mit den franz\u00f6sischen Sch\u00fclerinnen und Sch\u00fclern und der 9f des MPGs gestaltet sich ganz wunderbar&nbsp;&#8211; die Stimmung ist durchweg sehr heiter, die Franzosen und Deutschen entdecken gemeinsam die Welt des Marionettentheaters &nbsp;und haben einen Heidenspa\u00df eigene Theaterst\u00fccke basierend auf den Grimmschen M\u00e4rchen zu schreiben, k\u00fcnstlerisch darzustellen und variantenreichen zu inszenieren.<\/p>\n\n\n\n<figure class=\"wp-block-image\"><img loading=\"lazy\" decoding=\"async\" width=\"1024\" height=\"789\" src=\"https:\/\/noobserver.de\/wp-content\/uploads\/2019\/01\/Th\u00e9\u00e2tre-d\u2018ombres-Frankreich-Austausch-2019-Max-Planck-Gymnasium-Dortmund-1024x789.jpg\" alt=\"\" class=\"wp-image-5921\" srcset=\"https:\/\/mpg-do.de\/wp-content\/uploads\/2019\/01\/Th\u00e9\u00e2tre-d\u2018ombres-Frankreich-Austausch-2019-Max-Planck-Gymnasium-Dortmund-1024x789.jpg 1024w, https:\/\/mpg-do.de\/wp-content\/uploads\/2019\/01\/Th\u00e9\u00e2tre-d\u2018ombres-Frankreich-Austausch-2019-Max-Planck-Gymnasium-Dortmund-300x231.jpg 300w, https:\/\/mpg-do.de\/wp-content\/uploads\/2019\/01\/Th\u00e9\u00e2tre-d\u2018ombres-Frankreich-Austausch-2019-Max-Planck-Gymnasium-Dortmund-768x592.jpg 768w, https:\/\/mpg-do.de\/wp-content\/uploads\/2019\/01\/Th\u00e9\u00e2tre-d\u2018ombres-Frankreich-Austausch-2019-Max-Planck-Gymnasium-Dortmund-64x49.jpg 64w, https:\/\/mpg-do.de\/wp-content\/uploads\/2019\/01\/Th\u00e9\u00e2tre-d\u2018ombres-Frankreich-Austausch-2019-Max-Planck-Gymnasium-Dortmund-260x200.jpg 260w, https:\/\/mpg-do.de\/wp-content\/uploads\/2019\/01\/Th\u00e9\u00e2tre-d\u2018ombres-Frankreich-Austausch-2019-Max-Planck-Gymnasium-Dortmund.jpg 1280w\" sizes=\"auto, (max-width: 1024px) 100vw, 1024px\" \/><\/figure>\n\n\n\n<figure class=\"wp-block-image\"><a href=\"https:\/\/drive.google.com\/a\/mpg-dortmund.de\/file\/d\/10GM65_s2URFj1NBl7NjopA4vSmJAeR3Z\/view?usp=sharing\"><img loading=\"lazy\" decoding=\"async\" width=\"719\" height=\"411\" src=\"https:\/\/noobserver.de\/wp-content\/uploads\/2019\/02\/Screen-Shot-2019-02-03-at-19.20.17.png\" alt=\"\" class=\"wp-image-6164\" srcset=\"https:\/\/mpg-do.de\/wp-content\/uploads\/2019\/02\/Screen-Shot-2019-02-03-at-19.20.17.png 719w, https:\/\/mpg-do.de\/wp-content\/uploads\/2019\/02\/Screen-Shot-2019-02-03-at-19.20.17-300x171.png 300w, https:\/\/mpg-do.de\/wp-content\/uploads\/2019\/02\/Screen-Shot-2019-02-03-at-19.20.17-64x37.png 64w, https:\/\/mpg-do.de\/wp-content\/uploads\/2019\/02\/Screen-Shot-2019-02-03-at-19.20.17-260x149.png 260w\" sizes=\"auto, (max-width: 719px) 100vw, 719px\" \/><\/a><figcaption>(Klicken um das Video zu starten.)<\/figcaption><\/figure>\n\n\n\n<p class=\"wp-block-paragraph\">Dieses Jahr beschert uns die Natur ein Charleville-M\u00e9zi\u00e8res im wei\u00dfen Kleid &#8211; der&nbsp;Place Ducal wird zum Schauplatz einer&nbsp;<em>bataille de boule de neige.&nbsp;<\/em>Die Schneeballschlacht entsch\u00e4digt auch f\u00fcr die wetterbedingt ausgefallene Reims-Exkursion. Das erste Mal seit Jahren entsteht eine herrliches Gruppenphoto der deutsch-franz\u00f6sischen Sch\u00fclergruppen im Schneegest\u00f6ber der Ardennes \u2014 und nicht vor der Kathedrale in Reims.<\/p>\n\n\n\n<p class=\"wp-block-paragraph\">Ganz besonders interessant ist die Begegnung mit Sch\u00fclerinnen und Sch\u00fcler der UPE2A \u2014 aus verschiedenen L\u00e4ndern, wie z.B. dem Sudan, Russland, Marokko, Mali und Georgien. Das gemeinsame spielerische Arbeiten mit der franz\u00f6sischen Sprache brachte Erstaunliches und Lustiges zu Tage.<\/p>\n\n\n\n<p class=\"wp-block-paragraph\">Wir hoffen sehr, dass&nbsp;die sch\u00f6nen Erfahrungen&nbsp;die Sch\u00fclerinnen und Sch\u00fcler dazu ermutigen einen weiteren Austausch mit dem Lyc\u00e9e Monge zu unternehmen.<\/p>\n\n\n\n<figure class=\"wp-block-image\"><img loading=\"lazy\" decoding=\"async\" width=\"914\" height=\"1024\" src=\"https:\/\/noobserver.de\/wp-content\/uploads\/2019\/01\/Austausch-Frankreich-2019-nuages-Max-Planck-Gymnasium-Dortmund-914x1024.jpg\" alt=\"\" class=\"wp-image-5910\" srcset=\"https:\/\/mpg-do.de\/wp-content\/uploads\/2019\/01\/Austausch-Frankreich-2019-nuages-Max-Planck-Gymnasium-Dortmund-914x1024.jpg 914w, https:\/\/mpg-do.de\/wp-content\/uploads\/2019\/01\/Austausch-Frankreich-2019-nuages-Max-Planck-Gymnasium-Dortmund-268x300.jpg 268w, https:\/\/mpg-do.de\/wp-content\/uploads\/2019\/01\/Austausch-Frankreich-2019-nuages-Max-Planck-Gymnasium-Dortmund-768x860.jpg 768w, https:\/\/mpg-do.de\/wp-content\/uploads\/2019\/01\/Austausch-Frankreich-2019-nuages-Max-Planck-Gymnasium-Dortmund-57x64.jpg 57w, https:\/\/mpg-do.de\/wp-content\/uploads\/2019\/01\/Austausch-Frankreich-2019-nuages-Max-Planck-Gymnasium-Dortmund-179x200.jpg 179w, https:\/\/mpg-do.de\/wp-content\/uploads\/2019\/01\/Austausch-Frankreich-2019-nuages-Max-Planck-Gymnasium-Dortmund.jpg 1143w\" sizes=\"auto, (max-width: 914px) 100vw, 914px\" \/><\/figure>\n","protected":false},"excerpt":{"rendered":"<p>\u00c9change scolaire 2019 \u00e0 Charleville-M\u00e9zi\u00e8res Der Austausch mit den franz\u00f6sischen Sch\u00fclerinnen und Sch\u00fclern und der 9f des MPGs gestaltet sich ganz wunderbar&nbsp;&#8211; die Stimmung ist durchweg sehr heiter, die Franzosen und Deutschen entdecken gemeinsam die Welt des Marionettentheaters &nbsp;und haben einen Heidenspa\u00df eigene Theaterst\u00fccke basierend auf den Grimmschen M\u00e4rchen zu schreiben, k\u00fcnstlerisch darzustellen und variantenreichen &hellip; <\/p>\n<p class=\"link-more\"><a href=\"https:\/\/mpg-do.de\/?p=5908\" class=\"more-link\"><span class=\"screen-reader-text\">\u201eLyc\u00e9e Monge, Schnee und Marionetten\ufeff (mit Video)\u201c <\/span>weiterlesen<\/a><\/p>\n","protected":false},"author":5,"featured_media":5909,"comment_status":"closed","ping_status":"closed","sticky":false,"template":"","format":"standard","meta":{"_crdt_document":"","footnotes":""},"categories":[1],"tags":[175,133],"class_list":["post-5908","post","type-post","status-publish","format-standard","has-post-thumbnail","hentry","category-allgemein","tag-ausland","tag-franzoesisch","entry"],"_links":{"self":[{"href":"https:\/\/mpg-do.de\/index.php?rest_route=\/wp\/v2\/posts\/5908","targetHints":{"allow":["GET"]}}],"collection":[{"href":"https:\/\/mpg-do.de\/index.php?rest_route=\/wp\/v2\/posts"}],"about":[{"href":"https:\/\/mpg-do.de\/index.php?rest_route=\/wp\/v2\/types\/post"}],"author":[{"embeddable":true,"href":"https:\/\/mpg-do.de\/index.php?rest_route=\/wp\/v2\/users\/5"}],"replies":[{"embeddable":true,"href":"https:\/\/mpg-do.de\/index.php?rest_route=%2Fwp%2Fv2%2Fcomments&post=5908"}],"version-history":[{"count":7,"href":"https:\/\/mpg-do.de\/index.php?rest_route=\/wp\/v2\/posts\/5908\/revisions"}],"predecessor-version":[{"id":6169,"href":"https:\/\/mpg-do.de\/index.php?rest_route=\/wp\/v2\/posts\/5908\/revisions\/6169"}],"wp:featuredmedia":[{"embeddable":true,"href":"https:\/\/mpg-do.de\/index.php?rest_route=\/wp\/v2\/media\/5909"}],"wp:attachment":[{"href":"https:\/\/mpg-do.de\/index.php?rest_route=%2Fwp%2Fv2%2Fmedia&parent=5908"}],"wp:term":[{"taxonomy":"category","embeddable":true,"href":"https:\/\/mpg-do.de\/index.php?rest_route=%2Fwp%2Fv2%2Fcategories&post=5908"},{"taxonomy":"post_tag","embeddable":true,"href":"https:\/\/mpg-do.de\/index.php?rest_route=%2Fwp%2Fv2%2Ftags&post=5908"}],"curies":[{"name":"wp","href":"https:\/\/api.w.org\/{rel}","templated":true}]}}