{"id":6062,"date":"2019-01-31T12:43:52","date_gmt":"2019-01-31T11:43:52","guid":{"rendered":"http:\/\/news.mpg-dortmund.de\/?p=6062"},"modified":"2019-02-03T19:15:13","modified_gmt":"2019-02-03T18:15:13","slug":"wer-weiss-denn-sowas","status":"publish","type":"post","link":"https:\/\/mpg-do.de\/?p=6062","title":{"rendered":"Wer wei\u00df denn sowas?"},"content":{"rendered":"<p>Der \u201eDiercke Wissen Wettbewerb\u201c am MPG!<\/p>\n<p>Zum wiederholten Male haben die Sch\u00fclerinnen und Sch\u00fcler der Jahrgangsstufen 9 und EF im Rahmen des \u201eDiercke Wissen Wettbewerbs\u201c ihr Allgemeinwissen im Bereich Geographie getestet. Dabei hat Luka (EF) nicht nur auf Kursebene mit seinem Wissen \u00fcber Deutschland, Europa und die Welt gegl\u00e4nzt, sondern ebenfalls auf Schulebene sein Wissen unter Beweis gestellt. Er setzte sich gegen Edgar (EF) und Jonas (EF) durch und qualifizierte sich damit f\u00fcr den Landesentscheid im M\u00e4rz. Vielleicht schafft er es, sich einen Platz im Finale des gr\u00f6\u00dften Geographiewettbewerbs Deutschlands am 7. Juni 2019 in Braunschweig zu sichern. Dann treten die besten Geographiesch\u00fcler_innen Deutschlands gegeneinander an. Wir w\u00fcrden uns sehr f\u00fcr ihn freuen und w\u00fcnschen viel Erfolg!<\/p>\n","protected":false},"excerpt":{"rendered":"<p>Der \u201eDiercke Wissen Wettbewerb\u201c am MPG! Zum wiederholten Male haben die Sch\u00fclerinnen und Sch\u00fcler der Jahrgangsstufen 9 und EF im Rahmen des \u201eDiercke Wissen Wettbewerbs\u201c ihr Allgemeinwissen im Bereich Geographie getestet. Dabei hat Luka (EF) nicht nur auf Kursebene mit seinem Wissen \u00fcber Deutschland, Europa und die Welt gegl\u00e4nzt, sondern ebenfalls auf Schulebene sein Wissen &hellip; <\/p>\n<p class=\"link-more\"><a href=\"https:\/\/mpg-do.de\/?p=6062\" class=\"more-link\"><span class=\"screen-reader-text\">\u201eWer wei\u00df denn sowas?\u201c <\/span>weiterlesen<\/a><\/p>\n","protected":false},"author":5,"featured_media":6063,"comment_status":"closed","ping_status":"closed","sticky":false,"template":"","format":"standard","meta":{"_crdt_document":"","footnotes":""},"categories":[1],"tags":[177,174],"class_list":["post-6062","post","type-post","status-publish","format-standard","has-post-thumbnail","hentry","category-allgemein","tag-erdkunde","tag-wettbewerb","entry"],"_links":{"self":[{"href":"https:\/\/mpg-do.de\/index.php?rest_route=\/wp\/v2\/posts\/6062","targetHints":{"allow":["GET"]}}],"collection":[{"href":"https:\/\/mpg-do.de\/index.php?rest_route=\/wp\/v2\/posts"}],"about":[{"href":"https:\/\/mpg-do.de\/index.php?rest_route=\/wp\/v2\/types\/post"}],"author":[{"embeddable":true,"href":"https:\/\/mpg-do.de\/index.php?rest_route=\/wp\/v2\/users\/5"}],"replies":[{"embeddable":true,"href":"https:\/\/mpg-do.de\/index.php?rest_route=%2Fwp%2Fv2%2Fcomments&post=6062"}],"version-history":[{"count":2,"href":"https:\/\/mpg-do.de\/index.php?rest_route=\/wp\/v2\/posts\/6062\/revisions"}],"predecessor-version":[{"id":6162,"href":"https:\/\/mpg-do.de\/index.php?rest_route=\/wp\/v2\/posts\/6062\/revisions\/6162"}],"wp:featuredmedia":[{"embeddable":true,"href":"https:\/\/mpg-do.de\/index.php?rest_route=\/wp\/v2\/media\/6063"}],"wp:attachment":[{"href":"https:\/\/mpg-do.de\/index.php?rest_route=%2Fwp%2Fv2%2Fmedia&parent=6062"}],"wp:term":[{"taxonomy":"category","embeddable":true,"href":"https:\/\/mpg-do.de\/index.php?rest_route=%2Fwp%2Fv2%2Fcategories&post=6062"},{"taxonomy":"post_tag","embeddable":true,"href":"https:\/\/mpg-do.de\/index.php?rest_route=%2Fwp%2Fv2%2Ftags&post=6062"}],"curies":[{"name":"wp","href":"https:\/\/api.w.org\/{rel}","templated":true}]}}