{"id":6282,"date":"2019-02-18T17:58:15","date_gmt":"2019-02-18T16:58:15","guid":{"rendered":"http:\/\/news.mpg-dortmund.de\/?p=6282"},"modified":"2019-02-18T17:58:07","modified_gmt":"2019-02-18T16:58:07","slug":"lavenir-cest-maintenant","status":"publish","type":"post","link":"https:\/\/mpg-do.de\/?p=6282","title":{"rendered":"L\u2018avenir &#8211; c\u2018est maintenant!"},"content":{"rendered":"<p>Bilingual deutsch-franz\u00f6sische Berufs- und Studienmesse am MPG<\/p>\n<p>Am heutigen Montag, den 18 Februar 2019 hat das Max-Planck Gymnassium seine T\u00fcren f\u00fcr Vertreterinnen und Vertreter zahlreicher Universit\u00e4ten und Firmen ge\u00f6ffnet, die enge Verbindungen und Kooperationen mit Frankreich pflegen. Profitieren konnten hiervon ca. 250 Sch\u00fclerinnen und Sch\u00fcler \u2014 die Franz\u00f6sischlerner der Hildegardisschule aus Bochum, des Pascal Gymnasiums M\u00fcnster, des Beisenkamp Gymnasiums aus Hamm und nat\u00fcrlich allen voran die Sch\u00fclerinnen und Sch\u00fcler vom MPG.<\/p>\n<p>Im Wesentlichen was es unser Ziel Studienm\u00f6glichkeiten und -modalit\u00e4ten in Frankreich (Campus France) sowie im Rahmen der binationalen deutsch-franz\u00f6sischen Studieng\u00e4nge (Deutsch-franz\u00f6sische Hochschule) zu informieren. Diese allgemeine Information soll durch konkrete Studien- und Berufskarrieren ehemaliger Absolvent_innen bilingualer Z\u00fcge konkretisiert werden. Auch f\u00fcr das Jahr nach dem Abitur stellte die Servicestelle Eurodesk der Auslandsgesellschaft NRW zahlreiche internationale (Mobilit\u00e4ts-)Programme vor.<\/p>\n<p>Im Rahmen der heutigen Veranstaltung haben vor allem Universit\u00e4ten und Fachhochschulen aus der Region (Ruhruniversit\u00e4t Bochum, Technische Universit\u00e4t Dortmund, Fachhochschule Dortmund, Bergische Universit\u00e4t Wuppertal, Universit\u00e4t zu K\u00f6ln, Johann Gutenberg Universit\u00e4t Mainz etc.) ihre attraktiven Studienangebote in Zusammenarbeit mit einer franz\u00f6sischen Hochschule an Informationsst\u00e4nden vorgestellt und f\u00fchrten vielerorts lebhafte Gespr\u00e4che mit Sch\u00fclerinnen und Sch\u00fclern.&nbsp; Aussteller aus sehr unterschiedlichen Fachbereichen haben den Franz\u00f6sisch lernenden Sch\u00fclern exemplarisch das breit gef\u00e4cherte Spektrum der deutsch-franz\u00f6sischen Studienangebote bekannt gemacht.<\/p>\n<p><img loading=\"lazy\" decoding=\"async\" src=\"https:\/\/noobserver.de\/wp-content\/uploads\/2019\/02\/img_0181.jpg\" class=\"size-full wp-image-6279\" width=\"1985\" height=\"1404\" srcset=\"https:\/\/mpg-do.de\/wp-content\/uploads\/2019\/02\/img_0181.jpg 1985w, https:\/\/mpg-do.de\/wp-content\/uploads\/2019\/02\/img_0181-300x212.jpg 300w, https:\/\/mpg-do.de\/wp-content\/uploads\/2019\/02\/img_0181-768x543.jpg 768w, https:\/\/mpg-do.de\/wp-content\/uploads\/2019\/02\/img_0181-1024x724.jpg 1024w, https:\/\/mpg-do.de\/wp-content\/uploads\/2019\/02\/img_0181-64x45.jpg 64w, https:\/\/mpg-do.de\/wp-content\/uploads\/2019\/02\/img_0181-1320x934.jpg 1320w, https:\/\/mpg-do.de\/wp-content\/uploads\/2019\/02\/img_0181-260x184.jpg 260w\" sizes=\"auto, (max-width: 1985px) 100vw, 1985px\" \/><\/p>\n<p>In drei \u201econf\u00e9rences\u201c in jeweils zwei Runden wurden die Sch\u00fclerinnen und Sch\u00fcler direkt angesprochen und umfassend \u00fcber allgemeine Studien- und Berufsperspektiven informiert \u2014 im kleineren Rahmen hatten die Sch\u00fcler hier die Gelegenheit ganz konkrete Fragen zustellen und im Plenum dar\u00fcber zu reden.<\/p>\n<p>Ein ganz gro\u00dfer Dank geb\u00fchrt der Q1, die w\u00e4hrend der gesamten Veranstaltung f\u00fcr das leibliche Wohl der geladenen G\u00e4ste aus Bochum, Hamm und M\u00fcnster gesorgt hat\u2014 und nachhaltig auch das Energielevel der Aussteller mit vielerlei Leckereien und vor allem Kaffee gest\u00e4rkt hat.<\/p>\n<p>Wir hoffen, dass der eine oder andere Sch\u00fcler \/ die eine oder andere Sch\u00fclerin konkrete, f\u00fcr sich relevante Infomationen bez\u00fcglich seiner bzw. ihrer Zukunftsplanung mitnehmen konnte \u2014 zumindest aber die Gelegenheit genutzt hat sich \u00fcber post-Abi-Projekt zu informieren und sich einen \u00dcberblick \u00fcber das Angebot zu verschaffen!<\/p>\n<p>JH<\/p>\n","protected":false},"excerpt":{"rendered":"<p>Bilingual deutsch-franz\u00f6sische Berufs- und Studienmesse am MPG Am heutigen Montag, den 18 Februar 2019 hat das Max-Planck Gymnassium seine T\u00fcren f\u00fcr Vertreterinnen und Vertreter zahlreicher Universit\u00e4ten und Firmen ge\u00f6ffnet, die enge Verbindungen und Kooperationen mit Frankreich pflegen. Profitieren konnten hiervon ca. 250 Sch\u00fclerinnen und Sch\u00fcler \u2014 die Franz\u00f6sischlerner der Hildegardisschule aus Bochum, des Pascal Gymnasiums &hellip; <\/p>\n<p class=\"link-more\"><a href=\"https:\/\/mpg-do.de\/?p=6282\" class=\"more-link\"><span class=\"screen-reader-text\">\u201eL\u2018avenir &#8211; c\u2018est maintenant!\u201c <\/span>weiterlesen<\/a><\/p>\n","protected":false},"author":13,"featured_media":6280,"comment_status":"closed","ping_status":"closed","sticky":false,"template":"","format":"standard","meta":{"_crdt_document":"","footnotes":""},"categories":[1],"tags":[180,179,133],"class_list":["post-6282","post","type-post","status-publish","format-standard","has-post-thumbnail","hentry","category-allgemein","tag-berufsberatung","tag-bilingualer-zweig","tag-franzoesisch","entry"],"_links":{"self":[{"href":"https:\/\/mpg-do.de\/index.php?rest_route=\/wp\/v2\/posts\/6282","targetHints":{"allow":["GET"]}}],"collection":[{"href":"https:\/\/mpg-do.de\/index.php?rest_route=\/wp\/v2\/posts"}],"about":[{"href":"https:\/\/mpg-do.de\/index.php?rest_route=\/wp\/v2\/types\/post"}],"author":[{"embeddable":true,"href":"https:\/\/mpg-do.de\/index.php?rest_route=\/wp\/v2\/users\/13"}],"replies":[{"embeddable":true,"href":"https:\/\/mpg-do.de\/index.php?rest_route=%2Fwp%2Fv2%2Fcomments&post=6282"}],"version-history":[{"count":1,"href":"https:\/\/mpg-do.de\/index.php?rest_route=\/wp\/v2\/posts\/6282\/revisions"}],"predecessor-version":[{"id":6283,"href":"https:\/\/mpg-do.de\/index.php?rest_route=\/wp\/v2\/posts\/6282\/revisions\/6283"}],"wp:featuredmedia":[{"embeddable":true,"href":"https:\/\/mpg-do.de\/index.php?rest_route=\/wp\/v2\/media\/6280"}],"wp:attachment":[{"href":"https:\/\/mpg-do.de\/index.php?rest_route=%2Fwp%2Fv2%2Fmedia&parent=6282"}],"wp:term":[{"taxonomy":"category","embeddable":true,"href":"https:\/\/mpg-do.de\/index.php?rest_route=%2Fwp%2Fv2%2Fcategories&post=6282"},{"taxonomy":"post_tag","embeddable":true,"href":"https:\/\/mpg-do.de\/index.php?rest_route=%2Fwp%2Fv2%2Ftags&post=6282"}],"curies":[{"name":"wp","href":"https:\/\/api.w.org\/{rel}","templated":true}]}}