{"id":7556,"date":"2019-09-24T10:02:42","date_gmt":"2019-09-24T08:02:42","guid":{"rendered":"https:\/\/mpg-do.de\/?p=7556"},"modified":"2019-09-24T10:02:43","modified_gmt":"2019-09-24T08:02:43","slug":"schach-fuer-alle","status":"publish","type":"post","link":"https:\/\/mpg-do.de\/?p=7556","title":{"rendered":"Schach f\u00fcr alle!"},"content":{"rendered":"\n<p class=\"wp-block-paragraph\">Endlich ist es soweit. Ab sofort k\u00f6nnen alle Sch\u00fclerinnen und Sch\u00fcler des MPG das Schachfeld auf der Au\u00dfenterrasse nutzen. M\u00f6glich gemacht wurde das Ganze durch den F\u00f6rderverein des MPG, der insgesamt 2500\u20ac sammelte und die Figuren gekauft hat.&nbsp;<\/p>\n\n\n\n<!--more-->\n\n\n\n<p class=\"wp-block-paragraph\">Diese wurden bei strahlendem Sonnenschein am Mittwoch in der zweiten gro\u00dfen Pause \u00fcbergeben. Nach einem kleinen Gruppenfoto mit dem F\u00f6rderverein, der Schulleitung, den Mitgliedern der Schach-AG und weiteren Sch\u00fclerinnen und Sch\u00fclern wurde bereits das erste Spiel gespielt.<\/p>\n\n\n\n<p class=\"wp-block-paragraph\">So lange es das Wetter zul\u00e4sst, ist es m\u00f6glich die Schachfiguren bei den Lehrerinnen und Lehrern w\u00e4hrend der gro\u00dfen Pausen auszuleihen. Als Pfand muss lediglich der Sch\u00fclerausweis abgegeben werden. Diesen gibt es nach der vollst\u00e4ndigen R\u00fcckgabe aller Figuren wieder zur\u00fcck.<\/p>\n\n\n\n<figure class=\"wp-block-image size-large\"><img loading=\"lazy\" decoding=\"async\" width=\"871\" height=\"600\" src=\"https:\/\/mpg-do.de\/wp-content\/uploads\/2019\/09\/Schachfeld-Max-Planck-Gymnasium-Dortmund-871x600.jpg\" alt=\"\" class=\"wp-image-7558\" srcset=\"https:\/\/mpg-do.de\/wp-content\/uploads\/2019\/09\/Schachfeld-Max-Planck-Gymnasium-Dortmund-871x600.jpg 871w, https:\/\/mpg-do.de\/wp-content\/uploads\/2019\/09\/Schachfeld-Max-Planck-Gymnasium-Dortmund-300x207.jpg 300w, https:\/\/mpg-do.de\/wp-content\/uploads\/2019\/09\/Schachfeld-Max-Planck-Gymnasium-Dortmund-768x529.jpg 768w, https:\/\/mpg-do.de\/wp-content\/uploads\/2019\/09\/Schachfeld-Max-Planck-Gymnasium-Dortmund-64x44.jpg 64w, https:\/\/mpg-do.de\/wp-content\/uploads\/2019\/09\/Schachfeld-Max-Planck-Gymnasium-Dortmund.jpg 1280w\" sizes=\"auto, (max-width: 871px) 100vw, 871px\" \/><\/figure>\n","protected":false},"excerpt":{"rendered":"<p>Endlich ist es soweit. Ab sofort k\u00f6nnen alle Sch\u00fclerinnen und Sch\u00fcler des MPG das Schachfeld auf der Au\u00dfenterrasse nutzen. M\u00f6glich gemacht wurde das Ganze durch den F\u00f6rderverein des MPG, der insgesamt 2500\u20ac sammelte und die Figuren gekauft hat.&nbsp;<\/p>\n","protected":false},"author":5,"featured_media":7559,"comment_status":"closed","ping_status":"closed","sticky":false,"template":"","format":"standard","meta":{"_crdt_document":"","footnotes":""},"categories":[1],"tags":[95,81,119],"class_list":["post-7556","post","type-post","status-publish","format-standard","has-post-thumbnail","hentry","category-allgemein","tag-foerderverein","tag-gebaeude","tag-schach","entry"],"_links":{"self":[{"href":"https:\/\/mpg-do.de\/index.php?rest_route=\/wp\/v2\/posts\/7556","targetHints":{"allow":["GET"]}}],"collection":[{"href":"https:\/\/mpg-do.de\/index.php?rest_route=\/wp\/v2\/posts"}],"about":[{"href":"https:\/\/mpg-do.de\/index.php?rest_route=\/wp\/v2\/types\/post"}],"author":[{"embeddable":true,"href":"https:\/\/mpg-do.de\/index.php?rest_route=\/wp\/v2\/users\/5"}],"replies":[{"embeddable":true,"href":"https:\/\/mpg-do.de\/index.php?rest_route=%2Fwp%2Fv2%2Fcomments&post=7556"}],"version-history":[{"count":1,"href":"https:\/\/mpg-do.de\/index.php?rest_route=\/wp\/v2\/posts\/7556\/revisions"}],"predecessor-version":[{"id":7560,"href":"https:\/\/mpg-do.de\/index.php?rest_route=\/wp\/v2\/posts\/7556\/revisions\/7560"}],"wp:featuredmedia":[{"embeddable":true,"href":"https:\/\/mpg-do.de\/index.php?rest_route=\/wp\/v2\/media\/7559"}],"wp:attachment":[{"href":"https:\/\/mpg-do.de\/index.php?rest_route=%2Fwp%2Fv2%2Fmedia&parent=7556"}],"wp:term":[{"taxonomy":"category","embeddable":true,"href":"https:\/\/mpg-do.de\/index.php?rest_route=%2Fwp%2Fv2%2Fcategories&post=7556"},{"taxonomy":"post_tag","embeddable":true,"href":"https:\/\/mpg-do.de\/index.php?rest_route=%2Fwp%2Fv2%2Ftags&post=7556"}],"curies":[{"name":"wp","href":"https:\/\/api.w.org\/{rel}","templated":true}]}}