{"id":7654,"date":"2019-10-02T09:08:17","date_gmt":"2019-10-02T07:08:17","guid":{"rendered":"https:\/\/mpg-do.de\/?p=7654"},"modified":"2019-10-02T09:08:20","modified_gmt":"2019-10-02T07:08:20","slug":"erfolgreich-beim-tag-der-chemie","status":"publish","type":"post","link":"https:\/\/mpg-do.de\/?p=7654","title":{"rendered":"Erfolgreich beim Tag der Chemie"},"content":{"rendered":"\n<p class=\"wp-block-paragraph\">F\u00fcnf Sch\u00fclerinnen und Sch\u00fcler des Max-Planck-Gymnasiums der Jahrgangsstufe 9 haben erfolgreich am Tag der Chemie in Bergkamen teilgenommen. Mit dem Gewinn von 1000\u20ac f\u00fcr die Fachschaft Chemie fuhren alle Teilnehmerinnen und Teilnehmer zur\u00fcck nach Dortmund.&nbsp;<\/p>\n\n\n\n<!--more-->\n\n\n\n<p class=\"wp-block-paragraph\">Traditionell findet dieser Wettbewerb an einem Samstagvormittag im September statt und wird von der Bayer AG ausgerichtet. F\u00fcr die Sch\u00fclerinnen und Sch\u00fcler galt es f\u00fcnf Aufgaben zu meistern: das Anfertigen eines passgenauen Werkst\u00fccks, das Bedienen eines gro\u00dfen R\u00fchrwerks, Experimentieren mit S\u00e4uren und Basen im Labor, die Einstellung eines Fermentierungsprozesses mit Hilfe eines Computerprogramms und das L\u00f6schen eines Brandes standen auf dem Programm. Das Bearbeiten dieser Aufgaben gelang den Sch\u00fclerinnen und Sch\u00fclern nicht nur deshalb so gut, weil sie ein gro\u00dfes Interesse an Naturwissenschaft und Technik haben, sondern auch aufgrund ihrer guten Zusammenarbeit. Das Team funktionierte und ging die Aufgaben mit guter Laune und viel Spa\u00df an &#8211; und genau das ist es, was uns begleitenden Lehrerinnen am Tag der Chemie besonders freut!<\/p>\n\n\n\n<p class=\"wp-block-paragraph\">Wir gratulieren euch!<\/p>\n\n\n\n<p class=\"wp-block-paragraph\">Tina Beckmannshagen und Sandra Schlachzig&nbsp;<\/p>\n\n\n\n<figure class=\"wp-block-image size-large\"><img loading=\"lazy\" decoding=\"async\" width=\"486\" height=\"600\" src=\"https:\/\/mpg-do.de\/wp-content\/uploads\/2019\/10\/MINT-Tag-der-Chemie-3-Max-Planck-Gymnasium-Dortmund-486x600.jpg\" alt=\"\" class=\"wp-image-7655\" srcset=\"https:\/\/mpg-do.de\/wp-content\/uploads\/2019\/10\/MINT-Tag-der-Chemie-3-Max-Planck-Gymnasium-Dortmund-486x600.jpg 486w, https:\/\/mpg-do.de\/wp-content\/uploads\/2019\/10\/MINT-Tag-der-Chemie-3-Max-Planck-Gymnasium-Dortmund-243x300.jpg 243w, https:\/\/mpg-do.de\/wp-content\/uploads\/2019\/10\/MINT-Tag-der-Chemie-3-Max-Planck-Gymnasium-Dortmund-768x948.jpg 768w, https:\/\/mpg-do.de\/wp-content\/uploads\/2019\/10\/MINT-Tag-der-Chemie-3-Max-Planck-Gymnasium-Dortmund-52x64.jpg 52w, https:\/\/mpg-do.de\/wp-content\/uploads\/2019\/10\/MINT-Tag-der-Chemie-3-Max-Planck-Gymnasium-Dortmund.jpg 1037w\" sizes=\"auto, (max-width: 486px) 100vw, 486px\" \/><\/figure>\n","protected":false},"excerpt":{"rendered":"<p>F\u00fcnf Sch\u00fclerinnen und Sch\u00fcler des Max-Planck-Gymnasiums der Jahrgangsstufe 9 haben erfolgreich am Tag der Chemie in Bergkamen teilgenommen. Mit dem Gewinn von 1000\u20ac f\u00fcr die Fachschaft Chemie fuhren alle Teilnehmerinnen und Teilnehmer zur\u00fcck nach Dortmund.&nbsp;<\/p>\n","protected":false},"author":5,"featured_media":7660,"comment_status":"closed","ping_status":"closed","sticky":false,"template":"","format":"standard","meta":{"_crdt_document":"","footnotes":""},"categories":[1],"tags":[126,213],"class_list":["post-7654","post","type-post","status-publish","format-standard","has-post-thumbnail","hentry","category-allgemein","tag-chemie","tag-mint","entry"],"_links":{"self":[{"href":"https:\/\/mpg-do.de\/index.php?rest_route=\/wp\/v2\/posts\/7654","targetHints":{"allow":["GET"]}}],"collection":[{"href":"https:\/\/mpg-do.de\/index.php?rest_route=\/wp\/v2\/posts"}],"about":[{"href":"https:\/\/mpg-do.de\/index.php?rest_route=\/wp\/v2\/types\/post"}],"author":[{"embeddable":true,"href":"https:\/\/mpg-do.de\/index.php?rest_route=\/wp\/v2\/users\/5"}],"replies":[{"embeddable":true,"href":"https:\/\/mpg-do.de\/index.php?rest_route=%2Fwp%2Fv2%2Fcomments&post=7654"}],"version-history":[{"count":4,"href":"https:\/\/mpg-do.de\/index.php?rest_route=\/wp\/v2\/posts\/7654\/revisions"}],"predecessor-version":[{"id":7661,"href":"https:\/\/mpg-do.de\/index.php?rest_route=\/wp\/v2\/posts\/7654\/revisions\/7661"}],"wp:featuredmedia":[{"embeddable":true,"href":"https:\/\/mpg-do.de\/index.php?rest_route=\/wp\/v2\/media\/7660"}],"wp:attachment":[{"href":"https:\/\/mpg-do.de\/index.php?rest_route=%2Fwp%2Fv2%2Fmedia&parent=7654"}],"wp:term":[{"taxonomy":"category","embeddable":true,"href":"https:\/\/mpg-do.de\/index.php?rest_route=%2Fwp%2Fv2%2Fcategories&post=7654"},{"taxonomy":"post_tag","embeddable":true,"href":"https:\/\/mpg-do.de\/index.php?rest_route=%2Fwp%2Fv2%2Ftags&post=7654"}],"curies":[{"name":"wp","href":"https:\/\/api.w.org\/{rel}","templated":true}]}}