{"id":7731,"date":"2019-11-01T15:52:56","date_gmt":"2019-11-01T14:52:56","guid":{"rendered":"https:\/\/mpg-do.de\/?p=7731"},"modified":"2025-01-27T17:53:12","modified_gmt":"2025-01-27T16:53:12","slug":"strassenkinderprojekt-santa-fe","status":"publish","type":"post","link":"https:\/\/mpg-do.de\/?p=7731","title":{"rendered":"Stra\u00dfenkinderprojekt Santa F\u00e9"},"content":{"rendered":"\n<p class=\"wp-block-paragraph\">Seit vielen Jahren unterst\u00fctzt unsere Schule das Sozialprojekt Santa\u00a0F\u00e9\u00a0in S\u00e3o Paulo durch die Gelder, die beim\u00a0Spendenlauf gesammelt werden.\u00a0Was mit der erlaufenen Spende passiert,\u00a0haben wir uns im Rahmen des <a href=\"https:\/\/mpg-do.de\/?p=7736\">Brasilienaustauschs<\/a> vor Ort angeguckt.\u00a0<\/p>\n\n\n\n<!--more-->\n\n\n\n<figure class=\"wp-block-image size-large\"><img loading=\"lazy\" decoding=\"async\" width=\"844\" height=\"516\" src=\"https:\/\/mpg-do.de\/wp-content\/uploads\/2019\/10\/02E63139-668C-4B37-8886-302D107632D1.jpeg\" alt=\"\" class=\"wp-image-7734\" srcset=\"https:\/\/mpg-do.de\/wp-content\/uploads\/2019\/10\/02E63139-668C-4B37-8886-302D107632D1.jpeg 844w, https:\/\/mpg-do.de\/wp-content\/uploads\/2019\/10\/02E63139-668C-4B37-8886-302D107632D1-300x183.jpeg 300w, https:\/\/mpg-do.de\/wp-content\/uploads\/2019\/10\/02E63139-668C-4B37-8886-302D107632D1-768x470.jpeg 768w, https:\/\/mpg-do.de\/wp-content\/uploads\/2019\/10\/02E63139-668C-4B37-8886-302D107632D1-64x39.jpeg 64w\" sizes=\"auto, (max-width: 844px) 100vw, 844px\" \/><\/figure>\n\n\n\n<p class=\"wp-block-paragraph\">Santa&nbsp;F\u00e9&nbsp;nimmt M\u00e4dchen zwischen 11 und 18 Jahren auf, die&nbsp;entweder&nbsp;schwanger sind oder bereits Kinder haben. Diese ungewollten Schwangerschaften sind oft auf Vergewaltigungen zur\u00fcckzuf\u00fchren.&nbsp;Stra\u00dfenkinder&nbsp;aus prek\u00e4ren&nbsp;sozialen Verh\u00e4ltnissen&nbsp;haben oft keine M\u00f6glichkeit Kinder&nbsp;gro\u00dfzuziehen. In diesen F\u00e4llen k\u00f6nnen&nbsp;sie sich an Santa&nbsp;F\u00e9&nbsp;wenden. Das Projekt stellt ihnen eine Unterkunft, Essen und auch psychologische Behandlung zur Verf\u00fcgung. Insgesamt gibt es zwei H\u00e4user in S\u00e3o Paulo, in denen bis zu 10 M\u00e4dchen mit ihren Kindern untergebracht werden k\u00f6nnen. Zus\u00e4tzlich werden sie dort auf den Berufsalltag vorbereitet.&nbsp;Santa&nbsp;F\u00e9&nbsp;gibt ihnen ein Zuhause und eine bessere Zukunft.<\/p>\n\n\n\n<p class=\"wp-block-paragraph\">Wir&nbsp;wurden&nbsp;herzlich&nbsp;in der Einrichtung&nbsp;empfangen.&nbsp;Die Neugierde der&nbsp;Bewohnerinnen&nbsp;war&nbsp;sehr&nbsp;gro\u00df, Menschen in ihrem Alter aus einem weit entfernten Land kennenzulernen. F\u00fcr uns war es erstaunlich, wie sie in dieser schweren Lebenssituation mit einer stets positiven Einstellung durchs Leben gehen. Wir haben uns&nbsp;lange&nbsp;mit ihnen unterhalten und festgestellt, dass sich das Leben deutscher und brasilianischer Jugendlichen bis auf&nbsp;wenige Bereiche&nbsp;nicht&nbsp;gro\u00dfartig unterscheidet.&nbsp;Interessanterweise gab es keine Kommunikationsprobleme&nbsp;trotz unterschiedlicher Ausgangssprachen.&nbsp;Anschlie\u00dfend haben wir noch zusammen einen Sonnenuntergang gemalt und etwas gegessen.&nbsp;<\/p>\n\n\n\n<figure class=\"wp-block-image size-large\"><img loading=\"lazy\" decoding=\"async\" width=\"338\" height=\"600\" src=\"https:\/\/mpg-do.de\/wp-content\/uploads\/2019\/10\/9501FD7A-9505-49EC-B23A-BE71CE8D4725-338x600.jpeg\" alt=\"\" class=\"wp-image-7733\" srcset=\"https:\/\/mpg-do.de\/wp-content\/uploads\/2019\/10\/9501FD7A-9505-49EC-B23A-BE71CE8D4725-338x600.jpeg 338w, https:\/\/mpg-do.de\/wp-content\/uploads\/2019\/10\/9501FD7A-9505-49EC-B23A-BE71CE8D4725-169x300.jpeg 169w, https:\/\/mpg-do.de\/wp-content\/uploads\/2019\/10\/9501FD7A-9505-49EC-B23A-BE71CE8D4725-36x64.jpeg 36w, https:\/\/mpg-do.de\/wp-content\/uploads\/2019\/10\/9501FD7A-9505-49EC-B23A-BE71CE8D4725.jpeg 581w\" sizes=\"auto, (max-width: 338px) 100vw, 338px\" \/><\/figure>\n\n\n\n<p class=\"wp-block-paragraph\">Die Menschen dort haben sich sehr bem\u00fcht,&nbsp;uns einen sch\u00f6nen Aufenthalt zu erm\u00f6glichen, was ihnen auch gelungen ist, obwohl sie selbst kaum etwas haben. Aus diesen Gr\u00fcnden sollte das Projekt Santa&nbsp;F\u00e9&nbsp;von unserer Schule&nbsp;weiterhin viele Jahre finanziell unterst\u00fctzt werden.<\/p>\n\n\n\n<p class=\"wp-block-paragraph\">Jule&nbsp;S.<\/p>\n","protected":false},"excerpt":{"rendered":"<p>Seit vielen Jahren unterst\u00fctzt unsere Schule das Sozialprojekt Santa\u00a0F\u00e9\u00a0in S\u00e3o Paulo durch die Gelder, die beim\u00a0Spendenlauf gesammelt werden.\u00a0Was mit der erlaufenen Spende passiert,\u00a0haben wir uns im Rahmen des Brasilienaustauschs vor Ort angeguckt.\u00a0<\/p>\n","protected":false},"author":5,"featured_media":7732,"comment_status":"closed","ping_status":"closed","sticky":false,"template":"","format":"standard","meta":{"_crdt_document":"","footnotes":""},"categories":[1],"tags":[175,241,68,58],"class_list":["post-7731","post","type-post","status-publish","format-standard","has-post-thumbnail","hentry","category-allgemein","tag-ausland","tag-brasilien","tag-portugiesisch","tag-sv","entry"],"_links":{"self":[{"href":"https:\/\/mpg-do.de\/index.php?rest_route=\/wp\/v2\/posts\/7731","targetHints":{"allow":["GET"]}}],"collection":[{"href":"https:\/\/mpg-do.de\/index.php?rest_route=\/wp\/v2\/posts"}],"about":[{"href":"https:\/\/mpg-do.de\/index.php?rest_route=\/wp\/v2\/types\/post"}],"author":[{"embeddable":true,"href":"https:\/\/mpg-do.de\/index.php?rest_route=\/wp\/v2\/users\/5"}],"replies":[{"embeddable":true,"href":"https:\/\/mpg-do.de\/index.php?rest_route=%2Fwp%2Fv2%2Fcomments&post=7731"}],"version-history":[{"count":3,"href":"https:\/\/mpg-do.de\/index.php?rest_route=\/wp\/v2\/posts\/7731\/revisions"}],"predecessor-version":[{"id":7762,"href":"https:\/\/mpg-do.de\/index.php?rest_route=\/wp\/v2\/posts\/7731\/revisions\/7762"}],"wp:featuredmedia":[{"embeddable":true,"href":"https:\/\/mpg-do.de\/index.php?rest_route=\/wp\/v2\/media\/7732"}],"wp:attachment":[{"href":"https:\/\/mpg-do.de\/index.php?rest_route=%2Fwp%2Fv2%2Fmedia&parent=7731"}],"wp:term":[{"taxonomy":"category","embeddable":true,"href":"https:\/\/mpg-do.de\/index.php?rest_route=%2Fwp%2Fv2%2Fcategories&post=7731"},{"taxonomy":"post_tag","embeddable":true,"href":"https:\/\/mpg-do.de\/index.php?rest_route=%2Fwp%2Fv2%2Ftags&post=7731"}],"curies":[{"name":"wp","href":"https:\/\/api.w.org\/{rel}","templated":true}]}}